{"id":1072,"date":"2024-03-06T23:22:48","date_gmt":"2024-03-06T22:22:48","guid":{"rendered":"https:\/\/sabanaplaza.com.co\/?p=1072"},"modified":"2026-02-25T16:17:54","modified_gmt":"2026-02-25T15:17:54","slug":"sabana-plaza-pionero-en-el-comercio-mayorista-de-calzado-en-colombia","status":"publish","type":"post","link":"https:\/\/sabanaplaza.com.co\/index.php\/2024\/03\/06\/sabana-plaza-pionero-en-el-comercio-mayorista-de-calzado-en-colombia\/","title":{"rendered":"Sabana Plaza, Pionero en el Comercio Mayorista de Calzado en Colombia"},"content":{"rendered":"<div class=\"et_pb_section_0 et_pb_section et_section_regular et_block_section\"><div class=\"et_pb_row_0 et_pb_row et_block_row\"><div class=\"et_pb_column_0 et_pb_column et_pb_column_4_4 et-last-child et_block_column et_pb_css_mix_blend_mode_passthrough\"><div class=\"et_pb_text_0 et_pb_text et_pb_bg_layout_light et_pb_module et_block_module et_pb_text_align_center preset--module--divi-text--9a1d4c7d-ac37-4448-8924-0051354f13dc\"><div class=\"et_pb_text_inner\"><h3><span>Con m\u00e1s de 8 a\u00f1os de experiencia, Sabana Plaza se rige como el l\u00edder indiscutible en el sector mayorista de calzado en Colombia.<\/span><\/h3>\n<\/div><\/div><\/div><\/div><\/div><div class=\"et_pb_section_1 et_pb_section et_section_regular et_block_section\"><div class=\"et_pb_row_1 et_pb_row et_block_row\"><div class=\"et_pb_column_1 et_pb_column et_pb_column_3_5 et_block_column et_pb_css_mix_blend_mode_passthrough\"><div class=\"et_pb_text_1 et_pb_text et_pb_bg_layout_light et_pb_module et_block_module preset--module--divi-text--c28e4140-1d00-437f-97e2-437c8791c679\"><div class=\"et_pb_text_inner\"><p style=\"text-align: justify;\"><span style=\"color: #000000;\">En una colaboraci\u00f3n estrat\u00e9gica con destacados fabricantes del sector de Restrepo, C\u00facuta y Bucaramanga, hemos establecido el mayor Centro de Comercio Mayorista de Calzado en Bogot\u00e1, consolidando nuestra posici\u00f3n como referente clave en la comercializaci\u00f3n del calzado fabricado en el pa\u00eds.<\/span><\/p>\n<\/div><\/div><\/div><div class=\"et_pb_column_2 et_pb_column et_pb_column_2_5 et-last-child et_block_column et_pb_css_mix_blend_mode_passthrough\"><div class=\"et_pb_image_0 et_pb_image et_pb_module et_block_module\"><span class=\"et_pb_image_wrap\"><img decoding=\"async\" src=\"https:\/\/sabanaplaza.com.co\/wp-content\/uploads\/2024\/03\/Mask-02.png\" width=\"1420\" height=\"1080\" srcset=\"https:\/\/sabanaplaza.com.co\/wp-content\/uploads\/2024\/03\/Mask-02.png 1420w, https:\/\/sabanaplaza.com.co\/wp-content\/uploads\/2024\/03\/Mask-02-1280x974.png 1280w, https:\/\/sabanaplaza.com.co\/wp-content\/uploads\/2024\/03\/Mask-02-980x745.png 980w, https:\/\/sabanaplaza.com.co\/wp-content\/uploads\/2024\/03\/Mask-02-480x365.png 480w\" sizes=\"(min-width: 0px) and (max-width: 480px) 480px, (min-width: 481px) and (max-width: 980px) 980px, (min-width: 981px) and (max-width: 1280px) 1280px, (min-width: 1281px) 1420px, 100vw\" class=\"wp-image-1081\" title=\"DSC07582-2\" \/><\/span><\/div><div class=\"et_pb_icon_0 et_pb_icon et_pb_module et_block_module\"><span class=\"et_pb_icon_wrap\"><span class=\"et-pb-icon\">\uf069<\/span><\/span><\/div><div class=\"et_pb_icon_1 et_pb_icon et_pb_module et_block_module\"><span class=\"et_pb_icon_wrap\"><span class=\"et-pb-icon\">\uf666<\/span><\/span><\/div><\/div><\/div><\/div><div class=\"et_pb_section_2 et_pb_section et_section_regular et_block_section\"><div class=\"et_pb_row_2 et_pb_row et_block_row\"><div class=\"et_pb_column_3 et_pb_column et_pb_column_1_2 et_block_column et_pb_css_mix_blend_mode_passthrough\"><div class=\"et_pb_image_1 et_pb_image et_pb_module et_block_module\"><span class=\"et_pb_image_wrap\"><img decoding=\"async\" src=\"https:\/\/sabanaplaza.com.co\/wp-content\/uploads\/2024\/03\/D9E26840-9094-4C63-954D-FB3F51D626CC.jpg\" width=\"1440\" height=\"1800\" srcset=\"https:\/\/sabanaplaza.com.co\/wp-content\/uploads\/2024\/03\/D9E26840-9094-4C63-954D-FB3F51D626CC.jpg 1440w, https:\/\/sabanaplaza.com.co\/wp-content\/uploads\/2024\/03\/D9E26840-9094-4C63-954D-FB3F51D626CC-1280x1600.jpg 1280w, https:\/\/sabanaplaza.com.co\/wp-content\/uploads\/2024\/03\/D9E26840-9094-4C63-954D-FB3F51D626CC-980x1225.jpg 980w, https:\/\/sabanaplaza.com.co\/wp-content\/uploads\/2024\/03\/D9E26840-9094-4C63-954D-FB3F51D626CC-480x600.jpg 480w\" sizes=\"(min-width: 0px) and (max-width: 480px) 480px, (min-width: 481px) and (max-width: 980px) 980px, (min-width: 981px) and (max-width: 1280px) 1280px, (min-width: 1281px) 1440px, 100vw\" class=\"wp-image-1098\" title=\"D9E26840-9094-4C63-954D-FB3F51D626CC\" \/><\/span><\/div><\/div><div class=\"et_pb_column_4 et_pb_column et_pb_column_1_2 et-last-child et_block_column et_pb_css_mix_blend_mode_passthrough\"><div class=\"et_pb_text_2 et_pb_text et_pb_bg_layout_light et_pb_module et_block_module preset--module--divi-text--c28e4140-1d00-437f-97e2-437c8791c679\"><div class=\"et_pb_text_inner\"><p style=\"text-align: justify;\"><span style=\"color: #000000;\"><span>\u201cTodo el segundo piso del centro comercial para apoyar el comercio del calzado colombiano y permitir que los fabricantes creen marca y masifiquen las ventas de productos originales con altos est\u00e1ndares de calidad\u201d, Manifest\u00f3 Mauricio P\u00e9rez, gerente de Sabana Plaza en un comunicado oficial.\u00a0<\/span><\/span><\/p>\n<p style=\"text-align: justify;\"><span style=\"color: #000000;\"><span><\/span><\/span><\/p>\n<p style=\"text-align: justify;\"><span style=\"color: #000000;\"><span>Con la activaci\u00f3n de m\u00e1s de 300 comerciantes y proveedores de diversas regiones del territorio colombiano, nuestro centro comercial se ha convertido en un epicentro din\u00e1mico para la industria del calzado nacional. Desde hace m\u00e1s de 8 a\u00f1os, hemos liderado la promoci\u00f3n y venta de calzado colombiano, contribuyendo al fortalecimiento de la econom\u00eda local y al desarrollo del sector manufacturero en nuestro pa\u00eds.<\/span><\/span><\/p>\n<\/div><\/div><\/div><\/div><div class=\"et_pb_row_3 et_pb_row et_block_row\"><div class=\"et_pb_column_5 et_pb_column et_pb_column_1_2 et_block_column et_pb_css_mix_blend_mode_passthrough\"><div class=\"et_pb_text_3 et_pb_text et_pb_bg_layout_light et_pb_module et_block_module preset--module--divi-text--c28e4140-1d00-437f-97e2-437c8791c679\"><div class=\"et_pb_text_inner\"><p style=\"text-align: justify;\"><span style=\"color: #000000;\">A pesar de los desaf\u00edos enfrentados por la industria, como la disminuci\u00f3n del 3% en las ventas de calzado en el 2023 seg\u00fan la Asociaci\u00f3n Colombiana de Industriales del Calzado,\u00a0 Sabana Plaza ha mantenido su compromiso inquebrantable con el crecimiento y la innovaci\u00f3n en el \u00e1mbito comercial.<\/span><\/p>\n<p style=\"text-align: justify;\"><span style=\"color: #000000;\">\u00a0Somos el testimonio vivo de nuestra determinaci\u00f3n por impulsar la producci\u00f3n local y promover la calidad del calzado colombiano. Con una amplia gama de productos de alta calidad, provenientes de reconocidos fabricantes nacionales, ofrecemos un espacio \u00fanico donde los comerciantes pueden encontrar las \u00faltimas tendencias y los mejores productos para satisfacer las demandas del exigente mercado colombiano.<\/span><\/p>\n<\/div><\/div><div class=\"et_pb_module et_pb_button_module_wrapper et_pb_button_0_wrapper\"><a class=\"et_pb_button_0 et_pb_button et_pb_bg_layout_dark et_animated et_pb_module et_block_module\" href=\"https:\/\/sabanaplaza.com.co\/index.php\/calzado\/\">Conocer m\u00e1s sobre calzado sabanista<\/a><\/div><\/div><div class=\"et_pb_column_6 et_pb_column et_pb_column_1_2 et-last-child et_block_column et_pb_css_mix_blend_mode_passthrough\"><div class=\"et_pb_image_2 et_pb_image et_pb_module et_block_module\"><span class=\"et_pb_image_wrap\"><img decoding=\"async\" src=\"https:\/\/sabanaplaza.com.co\/wp-content\/uploads\/2024\/03\/DSC07613-2-scaled.jpg\" width=\"1440\" height=\"2560\" srcset=\"https:\/\/sabanaplaza.com.co\/wp-content\/uploads\/2024\/03\/DSC07613-2-scaled.jpg 1440w, https:\/\/sabanaplaza.com.co\/wp-content\/uploads\/2024\/03\/DSC07613-2-1280x2276.jpg 1280w, https:\/\/sabanaplaza.com.co\/wp-content\/uploads\/2024\/03\/DSC07613-2-980x1742.jpg 980w, https:\/\/sabanaplaza.com.co\/wp-content\/uploads\/2024\/03\/DSC07613-2-480x853.jpg 480w\" sizes=\"(min-width: 0px) and (max-width: 480px) 480px, (min-width: 481px) and (max-width: 980px) 980px, (min-width: 981px) and (max-width: 1280px) 1280px, (min-width: 1281px) 1440px, 100vw\" class=\"wp-image-1100\" title=\"DSC07613-2\" \/><\/span><\/div><\/div><\/div><\/div><div class=\"et_pb_section_3 et_pb_section et_section_regular et_block_section et_pb_section_parallax\"><span class=\"et-pb-parallax-wrapper\"><span class=\"et-pb-parallax-background et-pb-parallax-background-module--divi-section-3\" style=\"background-image:url(https:\/\/sabanaplaza.com.co\/wp-content\/uploads\/2024\/03\/home-decor-07.jpg)\"><\/span><span class=\"et_parallax_gradient\" style=\"background-image:linear-gradient(180deg, rgba(14,14,14,0.7) 0%,rgba(14,14,14,0.3) 100% 100%)\"><\/span><\/span><div class=\"et_pb_row_4 et_pb_row et_block_row\"><div class=\"et_pb_column_7 et_pb_column et_pb_column_4_4 et-last-child et_block_column et_pb_css_mix_blend_mode_passthrough\"><div class=\"et_pb_text_4 et_pb_text et_pb_bg_layout_light et_pb_module et_block_module et_pb_text_align_center preset--module--divi-text--439f1e6a-8283-4cc5-aeb3-571a00449510\"><div class=\"et_pb_text_inner\"><h2><span>En Sabana Plaza, estamos comprometidos con el \u00e9xito de nuestros clientes y con el desarrollo sostenible de la industria del calzado en Colombia.<\/span><\/h2>\n<\/div><\/div><\/div><\/div><\/div>","protected":false},"excerpt":{"rendered":"","protected":false},"author":1,"featured_media":1095,"comment_status":"open","ping_status":"open","sticky":false,"template":"","format":"standard","meta":{"footnotes":""},"categories":[1],"tags":[],"class_list":["post-1072","post","type-post","status-publish","format-standard","has-post-thumbnail","hentry","category-blog"],"yoast_head":"<!-- This site is optimized with the Yoast SEO Premium plugin v22.8 (Yoast SEO v27.0) - https:\/\/yoast.com\/product\/yoast-seo-premium-wordpress\/ -->\n<title>Sabana Plaza, Pionero en el Comercio Mayorista de Calzado en Colombia - Sabana Plaza<\/title>\n<meta name=\"robots\" content=\"index, follow, max-snippet:-1, max-image-preview:large, max-video-preview:-1\" \/>\n<link rel=\"canonical\" href=\"https:\/\/sabanaplaza.com.co\/index.php\/2024\/03\/06\/sabana-plaza-pionero-en-el-comercio-mayorista-de-calzado-en-colombia\/\" \/>\n<meta property=\"og:locale\" content=\"en_US\" \/>\n<meta property=\"og:type\" content=\"article\" \/>\n<meta property=\"og:title\" content=\"Sabana Plaza, Pionero en el Comercio Mayorista de Calzado en Colombia\" \/>\n<meta property=\"og:url\" content=\"https:\/\/sabanaplaza.com.co\/index.php\/2024\/03\/06\/sabana-plaza-pionero-en-el-comercio-mayorista-de-calzado-en-colombia\/\" \/>\n<meta property=\"og:site_name\" content=\"Sabana Plaza\" \/>\n<meta property=\"article:published_time\" content=\"2024-03-06T22:22:48+00:00\" \/>\n<meta property=\"article:modified_time\" content=\"2026-02-25T15:17:54+00:00\" \/>\n<meta property=\"og:image\" content=\"https:\/\/sabanaplaza.com.co\/wp-content\/uploads\/2024\/03\/Bnner-Web.png\" \/>\n\t<meta property=\"og:image:width\" content=\"1559\" \/>\n\t<meta property=\"og:image:height\" content=\"681\" \/>\n\t<meta property=\"og:image:type\" content=\"image\/png\" \/>\n<meta name=\"author\" content=\"Mercadeo y Comunicaciones\" \/>\n<meta name=\"twitter:card\" content=\"summary_large_image\" \/>\n<meta name=\"twitter:label1\" content=\"Written by\" \/>\n\t<meta name=\"twitter:data1\" content=\"Mercadeo y Comunicaciones\" \/>\n<script type=\"application\/ld+json\" class=\"yoast-schema-graph\">{\"@context\":\"https:\/\/schema.org\",\"@graph\":[{\"@type\":\"Article\",\"@id\":\"https:\/\/sabanaplaza.com.co\/index.php\/2024\/03\/06\/sabana-plaza-pionero-en-el-comercio-mayorista-de-calzado-en-colombia\/#article\",\"isPartOf\":{\"@id\":\"https:\/\/sabanaplaza.com.co\/index.php\/2024\/03\/06\/sabana-plaza-pionero-en-el-comercio-mayorista-de-calzado-en-colombia\/\"},\"author\":{\"name\":\"Mercadeo y Comunicaciones\",\"@id\":\"https:\/\/sabanaplaza.com.co\/#\/schema\/person\/ea261bf604d2aa7533e9e84b1da69e9b\"},\"headline\":\"Sabana Plaza, Pionero en el Comercio Mayorista de Calzado en Colombia\",\"datePublished\":\"2024-03-06T22:22:48+00:00\",\"dateModified\":\"2026-02-25T15:17:54+00:00\",\"mainEntityOfPage\":{\"@id\":\"https:\/\/sabanaplaza.com.co\/index.php\/2024\/03\/06\/sabana-plaza-pionero-en-el-comercio-mayorista-de-calzado-en-colombia\/\"},\"wordCount\":11,\"commentCount\":0,\"image\":{\"@id\":\"https:\/\/sabanaplaza.com.co\/index.php\/2024\/03\/06\/sabana-plaza-pionero-en-el-comercio-mayorista-de-calzado-en-colombia\/#primaryimage\"},\"thumbnailUrl\":\"https:\/\/sabanaplaza.com.co\/wp-content\/uploads\/2024\/03\/Bnner-Web.png\",\"articleSection\":[\"Blog\"],\"inLanguage\":\"en-US\",\"potentialAction\":[{\"@type\":\"CommentAction\",\"name\":\"Comment\",\"target\":[\"https:\/\/sabanaplaza.com.co\/index.php\/2024\/03\/06\/sabana-plaza-pionero-en-el-comercio-mayorista-de-calzado-en-colombia\/#respond\"]}]},{\"@type\":\"WebPage\",\"@id\":\"https:\/\/sabanaplaza.com.co\/index.php\/2024\/03\/06\/sabana-plaza-pionero-en-el-comercio-mayorista-de-calzado-en-colombia\/\",\"url\":\"https:\/\/sabanaplaza.com.co\/index.php\/2024\/03\/06\/sabana-plaza-pionero-en-el-comercio-mayorista-de-calzado-en-colombia\/\",\"name\":\"Sabana Plaza, Pionero en el Comercio Mayorista de Calzado en Colombia - Sabana Plaza\",\"isPartOf\":{\"@id\":\"https:\/\/sabanaplaza.com.co\/#website\"},\"primaryImageOfPage\":{\"@id\":\"https:\/\/sabanaplaza.com.co\/index.php\/2024\/03\/06\/sabana-plaza-pionero-en-el-comercio-mayorista-de-calzado-en-colombia\/#primaryimage\"},\"image\":{\"@id\":\"https:\/\/sabanaplaza.com.co\/index.php\/2024\/03\/06\/sabana-plaza-pionero-en-el-comercio-mayorista-de-calzado-en-colombia\/#primaryimage\"},\"thumbnailUrl\":\"https:\/\/sabanaplaza.com.co\/wp-content\/uploads\/2024\/03\/Bnner-Web.png\",\"datePublished\":\"2024-03-06T22:22:48+00:00\",\"dateModified\":\"2026-02-25T15:17:54+00:00\",\"author\":{\"@id\":\"https:\/\/sabanaplaza.com.co\/#\/schema\/person\/ea261bf604d2aa7533e9e84b1da69e9b\"},\"breadcrumb\":{\"@id\":\"https:\/\/sabanaplaza.com.co\/index.php\/2024\/03\/06\/sabana-plaza-pionero-en-el-comercio-mayorista-de-calzado-en-colombia\/#breadcrumb\"},\"inLanguage\":\"en-US\",\"potentialAction\":[{\"@type\":\"ReadAction\",\"target\":[\"https:\/\/sabanaplaza.com.co\/index.php\/2024\/03\/06\/sabana-plaza-pionero-en-el-comercio-mayorista-de-calzado-en-colombia\/\"]}]},{\"@type\":\"ImageObject\",\"inLanguage\":\"en-US\",\"@id\":\"https:\/\/sabanaplaza.com.co\/index.php\/2024\/03\/06\/sabana-plaza-pionero-en-el-comercio-mayorista-de-calzado-en-colombia\/#primaryimage\",\"url\":\"https:\/\/sabanaplaza.com.co\/wp-content\/uploads\/2024\/03\/Bnner-Web.png\",\"contentUrl\":\"https:\/\/sabanaplaza.com.co\/wp-content\/uploads\/2024\/03\/Bnner-Web.png\",\"width\":1559,\"height\":681},{\"@type\":\"BreadcrumbList\",\"@id\":\"https:\/\/sabanaplaza.com.co\/index.php\/2024\/03\/06\/sabana-plaza-pionero-en-el-comercio-mayorista-de-calzado-en-colombia\/#breadcrumb\",\"itemListElement\":[{\"@type\":\"ListItem\",\"position\":1,\"name\":\"Portada\",\"item\":\"https:\/\/sabanaplaza.com.co\/\"},{\"@type\":\"ListItem\",\"position\":2,\"name\":\"Sabana Plaza, Pionero en el Comercio Mayorista de Calzado en Colombia\"}]},{\"@type\":\"WebSite\",\"@id\":\"https:\/\/sabanaplaza.com.co\/#website\",\"url\":\"https:\/\/sabanaplaza.com.co\/\",\"name\":\"Sabana Plaza\",\"description\":\"Centro Comercial \",\"potentialAction\":[{\"@type\":\"SearchAction\",\"target\":{\"@type\":\"EntryPoint\",\"urlTemplate\":\"https:\/\/sabanaplaza.com.co\/?s={search_term_string}\"},\"query-input\":{\"@type\":\"PropertyValueSpecification\",\"valueRequired\":true,\"valueName\":\"search_term_string\"}}],\"inLanguage\":\"en-US\"},{\"@type\":\"Person\",\"@id\":\"https:\/\/sabanaplaza.com.co\/#\/schema\/person\/ea261bf604d2aa7533e9e84b1da69e9b\",\"name\":\"Mercadeo y Comunicaciones\",\"image\":{\"@type\":\"ImageObject\",\"inLanguage\":\"en-US\",\"@id\":\"https:\/\/sabanaplaza.com.co\/#\/schema\/person\/image\/\",\"url\":\"https:\/\/secure.gravatar.com\/avatar\/a29e49847a3876ec70fb70dd728d3f2e90eda9c17724e2154147acc75a658926?s=96&d=mm&r=g\",\"contentUrl\":\"https:\/\/secure.gravatar.com\/avatar\/a29e49847a3876ec70fb70dd728d3f2e90eda9c17724e2154147acc75a658926?s=96&d=mm&r=g\",\"caption\":\"Mercadeo y Comunicaciones\"},\"sameAs\":[\"https:\/\/sabanaplaza.com.co\"],\"url\":\"https:\/\/sabanaplaza.com.co\/index.php\/author\/gerencia\/\"}]}<\/script>\n<!-- \/ Yoast SEO Premium plugin. -->","yoast_head_json":{"title":"Sabana Plaza, Pionero en el Comercio Mayorista de Calzado en Colombia - Sabana Plaza","robots":{"index":"index","follow":"follow","max-snippet":"max-snippet:-1","max-image-preview":"max-image-preview:large","max-video-preview":"max-video-preview:-1"},"canonical":"https:\/\/sabanaplaza.com.co\/index.php\/2024\/03\/06\/sabana-plaza-pionero-en-el-comercio-mayorista-de-calzado-en-colombia\/","og_locale":"en_US","og_type":"article","og_title":"Sabana Plaza, Pionero en el Comercio Mayorista de Calzado en Colombia","og_url":"https:\/\/sabanaplaza.com.co\/index.php\/2024\/03\/06\/sabana-plaza-pionero-en-el-comercio-mayorista-de-calzado-en-colombia\/","og_site_name":"Sabana Plaza","article_published_time":"2024-03-06T22:22:48+00:00","article_modified_time":"2026-02-25T15:17:54+00:00","og_image":[{"width":1559,"height":681,"url":"https:\/\/sabanaplaza.com.co\/wp-content\/uploads\/2024\/03\/Bnner-Web.png","type":"image\/png"}],"author":"Mercadeo y Comunicaciones","twitter_card":"summary_large_image","twitter_misc":{"Written by":"Mercadeo y Comunicaciones"},"schema":{"@context":"https:\/\/schema.org","@graph":[{"@type":"Article","@id":"https:\/\/sabanaplaza.com.co\/index.php\/2024\/03\/06\/sabana-plaza-pionero-en-el-comercio-mayorista-de-calzado-en-colombia\/#article","isPartOf":{"@id":"https:\/\/sabanaplaza.com.co\/index.php\/2024\/03\/06\/sabana-plaza-pionero-en-el-comercio-mayorista-de-calzado-en-colombia\/"},"author":{"name":"Mercadeo y Comunicaciones","@id":"https:\/\/sabanaplaza.com.co\/#\/schema\/person\/ea261bf604d2aa7533e9e84b1da69e9b"},"headline":"Sabana Plaza, Pionero en el Comercio Mayorista de Calzado en Colombia","datePublished":"2024-03-06T22:22:48+00:00","dateModified":"2026-02-25T15:17:54+00:00","mainEntityOfPage":{"@id":"https:\/\/sabanaplaza.com.co\/index.php\/2024\/03\/06\/sabana-plaza-pionero-en-el-comercio-mayorista-de-calzado-en-colombia\/"},"wordCount":11,"commentCount":0,"image":{"@id":"https:\/\/sabanaplaza.com.co\/index.php\/2024\/03\/06\/sabana-plaza-pionero-en-el-comercio-mayorista-de-calzado-en-colombia\/#primaryimage"},"thumbnailUrl":"https:\/\/sabanaplaza.com.co\/wp-content\/uploads\/2024\/03\/Bnner-Web.png","articleSection":["Blog"],"inLanguage":"en-US","potentialAction":[{"@type":"CommentAction","name":"Comment","target":["https:\/\/sabanaplaza.com.co\/index.php\/2024\/03\/06\/sabana-plaza-pionero-en-el-comercio-mayorista-de-calzado-en-colombia\/#respond"]}]},{"@type":"WebPage","@id":"https:\/\/sabanaplaza.com.co\/index.php\/2024\/03\/06\/sabana-plaza-pionero-en-el-comercio-mayorista-de-calzado-en-colombia\/","url":"https:\/\/sabanaplaza.com.co\/index.php\/2024\/03\/06\/sabana-plaza-pionero-en-el-comercio-mayorista-de-calzado-en-colombia\/","name":"Sabana Plaza, Pionero en el Comercio Mayorista de Calzado en Colombia - Sabana Plaza","isPartOf":{"@id":"https:\/\/sabanaplaza.com.co\/#website"},"primaryImageOfPage":{"@id":"https:\/\/sabanaplaza.com.co\/index.php\/2024\/03\/06\/sabana-plaza-pionero-en-el-comercio-mayorista-de-calzado-en-colombia\/#primaryimage"},"image":{"@id":"https:\/\/sabanaplaza.com.co\/index.php\/2024\/03\/06\/sabana-plaza-pionero-en-el-comercio-mayorista-de-calzado-en-colombia\/#primaryimage"},"thumbnailUrl":"https:\/\/sabanaplaza.com.co\/wp-content\/uploads\/2024\/03\/Bnner-Web.png","datePublished":"2024-03-06T22:22:48+00:00","dateModified":"2026-02-25T15:17:54+00:00","author":{"@id":"https:\/\/sabanaplaza.com.co\/#\/schema\/person\/ea261bf604d2aa7533e9e84b1da69e9b"},"breadcrumb":{"@id":"https:\/\/sabanaplaza.com.co\/index.php\/2024\/03\/06\/sabana-plaza-pionero-en-el-comercio-mayorista-de-calzado-en-colombia\/#breadcrumb"},"inLanguage":"en-US","potentialAction":[{"@type":"ReadAction","target":["https:\/\/sabanaplaza.com.co\/index.php\/2024\/03\/06\/sabana-plaza-pionero-en-el-comercio-mayorista-de-calzado-en-colombia\/"]}]},{"@type":"ImageObject","inLanguage":"en-US","@id":"https:\/\/sabanaplaza.com.co\/index.php\/2024\/03\/06\/sabana-plaza-pionero-en-el-comercio-mayorista-de-calzado-en-colombia\/#primaryimage","url":"https:\/\/sabanaplaza.com.co\/wp-content\/uploads\/2024\/03\/Bnner-Web.png","contentUrl":"https:\/\/sabanaplaza.com.co\/wp-content\/uploads\/2024\/03\/Bnner-Web.png","width":1559,"height":681},{"@type":"BreadcrumbList","@id":"https:\/\/sabanaplaza.com.co\/index.php\/2024\/03\/06\/sabana-plaza-pionero-en-el-comercio-mayorista-de-calzado-en-colombia\/#breadcrumb","itemListElement":[{"@type":"ListItem","position":1,"name":"Portada","item":"https:\/\/sabanaplaza.com.co\/"},{"@type":"ListItem","position":2,"name":"Sabana Plaza, Pionero en el Comercio Mayorista de Calzado en Colombia"}]},{"@type":"WebSite","@id":"https:\/\/sabanaplaza.com.co\/#website","url":"https:\/\/sabanaplaza.com.co\/","name":"Sabana Plaza","description":"Centro Comercial ","potentialAction":[{"@type":"SearchAction","target":{"@type":"EntryPoint","urlTemplate":"https:\/\/sabanaplaza.com.co\/?s={search_term_string}"},"query-input":{"@type":"PropertyValueSpecification","valueRequired":true,"valueName":"search_term_string"}}],"inLanguage":"en-US"},{"@type":"Person","@id":"https:\/\/sabanaplaza.com.co\/#\/schema\/person\/ea261bf604d2aa7533e9e84b1da69e9b","name":"Mercadeo y Comunicaciones","image":{"@type":"ImageObject","inLanguage":"en-US","@id":"https:\/\/sabanaplaza.com.co\/#\/schema\/person\/image\/","url":"https:\/\/secure.gravatar.com\/avatar\/a29e49847a3876ec70fb70dd728d3f2e90eda9c17724e2154147acc75a658926?s=96&d=mm&r=g","contentUrl":"https:\/\/secure.gravatar.com\/avatar\/a29e49847a3876ec70fb70dd728d3f2e90eda9c17724e2154147acc75a658926?s=96&d=mm&r=g","caption":"Mercadeo y Comunicaciones"},"sameAs":["https:\/\/sabanaplaza.com.co"],"url":"https:\/\/sabanaplaza.com.co\/index.php\/author\/gerencia\/"}]}},"_links":{"self":[{"href":"https:\/\/sabanaplaza.com.co\/index.php\/wp-json\/wp\/v2\/posts\/1072","targetHints":{"allow":["GET"]}}],"collection":[{"href":"https:\/\/sabanaplaza.com.co\/index.php\/wp-json\/wp\/v2\/posts"}],"about":[{"href":"https:\/\/sabanaplaza.com.co\/index.php\/wp-json\/wp\/v2\/types\/post"}],"author":[{"embeddable":true,"href":"https:\/\/sabanaplaza.com.co\/index.php\/wp-json\/wp\/v2\/users\/1"}],"replies":[{"embeddable":true,"href":"https:\/\/sabanaplaza.com.co\/index.php\/wp-json\/wp\/v2\/comments?post=1072"}],"version-history":[{"count":8,"href":"https:\/\/sabanaplaza.com.co\/index.php\/wp-json\/wp\/v2\/posts\/1072\/revisions"}],"predecessor-version":[{"id":2236,"href":"https:\/\/sabanaplaza.com.co\/index.php\/wp-json\/wp\/v2\/posts\/1072\/revisions\/2236"}],"wp:featuredmedia":[{"embeddable":true,"href":"https:\/\/sabanaplaza.com.co\/index.php\/wp-json\/wp\/v2\/media\/1095"}],"wp:attachment":[{"href":"https:\/\/sabanaplaza.com.co\/index.php\/wp-json\/wp\/v2\/media?parent=1072"}],"wp:term":[{"taxonomy":"category","embeddable":true,"href":"https:\/\/sabanaplaza.com.co\/index.php\/wp-json\/wp\/v2\/categories?post=1072"},{"taxonomy":"post_tag","embeddable":true,"href":"https:\/\/sabanaplaza.com.co\/index.php\/wp-json\/wp\/v2\/tags?post=1072"}],"curies":[{"name":"wp","href":"https:\/\/api.w.org\/{rel}","templated":true}]}}