{"id":1108,"date":"2024-04-05T22:11:05","date_gmt":"2024-04-05T20:11:05","guid":{"rendered":"https:\/\/sabanaplaza.com.co\/?p=1108"},"modified":"2026-02-25T16:17:55","modified_gmt":"2026-02-25T15:17:55","slug":"aporte-vital-a-la-economia-nacional","status":"publish","type":"post","link":"https:\/\/sabanaplaza.com.co\/index.php\/2024\/04\/05\/aporte-vital-a-la-economia-nacional\/","title":{"rendered":"Comprar en Sabana Plaza, un Aporte Vital a la Econom\u00eda\u00a0Nacional."},"content":{"rendered":"<div class=\"et_pb_section_0 et_pb_section et_section_regular et_block_section\"><div class=\"et_pb_row_0 et_pb_row et_block_row\"><div class=\"et_pb_column_0 et_pb_column et_pb_column_4_4 et-last-child et_block_column et_pb_css_mix_blend_mode_passthrough\"><div class=\"et_pb_text_0 et_pb_text et_pb_bg_layout_light et_pb_module et_block_module et_pb_text_align_center preset--module--divi-text--9a1d4c7d-ac37-4448-8924-0051354f13dc\"><div class=\"et_pb_text_inner\"><p style=\"text-align: justify;\"><em><span style=\"font-size: large; color: #0a0a0a;\">En un mundo donde cada decisi\u00f3n de compra tiene un impacto m\u00e1s all\u00e1 de las transacciones individuales, es crucial comprender el poder que reside en nuestras elecciones cotidianas. En nuestro centro comercial, cada compra que realizas no solo satisface tus necesidades y deseos personales, sino que tambi\u00e9n juega un papel vital en el impulso de la econom\u00eda nacional. Aqu\u00ed te contamos el por qu\u00e9 cada compra es un aporte esencial a nuestra econom\u00eda Colombiana:<\/span><\/em><\/p>\n<\/div><\/div><\/div><\/div><\/div><div class=\"et_pb_section_1 et_pb_section et_section_regular et_block_section\"><div class=\"et_pb_row_1 et_pb_row et_block_row\"><div class=\"et_pb_column_1 et_pb_column et_pb_column_3_5 et_block_column et_pb_css_mix_blend_mode_passthrough\"><div class=\"et_pb_text_1 et_pb_text et_pb_bg_layout_light et_pb_module et_block_module preset--module--divi-text--c28e4140-1d00-437f-97e2-437c8791c679\"><div class=\"et_pb_text_inner\"><p style=\"text-align: justify;\"><span style=\"color: #1c1c1c;\"><b>Generaci\u00f3n de Empleo<\/b><span style=\"font-weight: 400;\">: Cada vez que compras en nuestro centro comercial, est\u00e1s contribuyendo a mantener y crear empleos. Tanto los trabajadores de las tiendas, como los proveedores y distribuidores. Cada etapa de la cadena de suministro depende de la demanda de los consumidores para mantener sus operaciones. Tu compra ayuda a mantener puestos de trabajo y a generar nuevas oportunidades laborales para la comunidad sabanista.<\/span><\/span><\/p>\n<\/div><\/div><\/div><div class=\"et_pb_column_2 et_pb_column et_pb_column_2_5 et-last-child et_block_column et_pb_css_mix_blend_mode_passthrough\"><div class=\"et_pb_image_0 et_pb_image et_pb_module et_block_module\"><span class=\"et_pb_image_wrap\"><img decoding=\"async\" src=\"https:\/\/sabanaplaza.com.co\/wp-content\/uploads\/2024\/01\/Colaboradores-felices-sabana-plaza.png\" width=\"1280\" height=\"960\" srcset=\"https:\/\/sabanaplaza.com.co\/wp-content\/uploads\/2024\/01\/Colaboradores-felices-sabana-plaza.png 1280w, https:\/\/sabanaplaza.com.co\/wp-content\/uploads\/2024\/01\/Colaboradores-felices-sabana-plaza-980x735.png 980w, https:\/\/sabanaplaza.com.co\/wp-content\/uploads\/2024\/01\/Colaboradores-felices-sabana-plaza-480x360.png 480w\" sizes=\"(min-width: 0px) and (max-width: 480px) 480px, (min-width: 481px) and (max-width: 980px) 980px, (min-width: 981px) 1280px, 100vw\" class=\"wp-image-159\" title=\"Colaboradores-felices-sabana-plaza\" \/><\/span><\/div><div class=\"et_pb_icon_0 et_pb_icon et_pb_module et_block_module\"><span class=\"et_pb_icon_wrap\"><span class=\"et-pb-icon\">\uf069<\/span><\/span><\/div><div class=\"et_pb_icon_1 et_pb_icon et_pb_module et_block_module\"><span class=\"et_pb_icon_wrap\"><span class=\"et-pb-icon\">\uf666<\/span><\/span><\/div><\/div><\/div><\/div><div class=\"et_pb_section_2 et_pb_section et_section_regular et_block_section\"><div class=\"et_pb_row_2 et_pb_row et_block_row\"><div class=\"et_pb_column_3 et_pb_column et_pb_column_1_2 et_block_column et_pb_css_mix_blend_mode_passthrough\"><div class=\"et_pb_image_1 et_pb_image et_pb_module et_block_module\"><span class=\"et_pb_image_wrap\"><img decoding=\"async\" src=\"https:\/\/sabanaplaza.com.co\/wp-content\/uploads\/2024\/02\/IMG_0103-scaled.jpg\" width=\"1920\" height=\"2560\" srcset=\"https:\/\/sabanaplaza.com.co\/wp-content\/uploads\/2024\/02\/IMG_0103-scaled.jpg 1920w, https:\/\/sabanaplaza.com.co\/wp-content\/uploads\/2024\/02\/IMG_0103-1280x1707.jpg 1280w, https:\/\/sabanaplaza.com.co\/wp-content\/uploads\/2024\/02\/IMG_0103-980x1307.jpg 980w, https:\/\/sabanaplaza.com.co\/wp-content\/uploads\/2024\/02\/IMG_0103-480x640.jpg 480w\" sizes=\"(min-width: 0px) and (max-width: 480px) 480px, (min-width: 481px) and (max-width: 980px) 980px, (min-width: 981px) and (max-width: 1280px) 1280px, (min-width: 1281px) 1920px, 100vw\" class=\"wp-image-986\" title=\"IMG_0103\" \/><\/span><\/div><\/div><div class=\"et_pb_column_4 et_pb_column et_pb_column_1_2 et-last-child et_block_column et_pb_css_mix_blend_mode_passthrough\"><div class=\"et_pb_text_2 et_pb_text et_pb_bg_layout_light et_pb_module et_block_module preset--module--divi-text--c28e4140-1d00-437f-97e2-437c8791c679\"><div class=\"et_pb_text_inner\"><p style=\"text-align: justify;\"><span style=\"color: #2b2b2b;\"><b>Est\u00edmulo de la Producci\u00f3n Nacional: <\/b><span style=\"font-weight: 400;\">Nuestro centro comercial se enorgullece de ofrecer una amplia gama de productos nacionales, desde una gran variedad de\u00a0 confecci\u00f3n textil (moda infantil, moda femenina y masculina, ropa deportiva unisex, pijamas y mucho m\u00e1s) hasta abarrotes y chocolater\u00eda t\u00edpica colombiana. Al elegir estos productos, est\u00e1s apoyando a los productores y fabricantes locales, fomentando la producci\u00f3n nacional y fortaleciendo la econom\u00eda interna del pa\u00eds.<\/span><\/span><\/p>\n<p style=\"text-align: justify;\"><span style=\"color: #2b2b2b;\"><b>Impulso al Comercio Interno:<\/b><span style=\"font-weight: 400;\"> Cada transacci\u00f3n en nuestro centro comercial contribuye al flujo constante de comercio interno. Al elegir comprar a la econom\u00eda popular del pa\u00eds en lugar de recurrir a grandes marcas internacionales, est\u00e1s contribuyendo a mantener un equilibrio saludable en la balanza comercial y promoviendo la autonom\u00eda econ\u00f3mica de nuestra naci\u00f3n.<\/span><\/span><\/p>\n<\/div><\/div><\/div><\/div><div class=\"et_pb_row_3 et_pb_row et_block_row\"><div class=\"et_pb_column_5 et_pb_column et_pb_column_1_2 et_block_column et_pb_css_mix_blend_mode_passthrough\"><div class=\"et_pb_text_3 et_pb_text et_pb_bg_layout_light et_pb_module et_block_module preset--module--divi-text--c28e4140-1d00-437f-97e2-437c8791c679\"><div class=\"et_pb_text_inner\"><p style=\"text-align: justify;\"><span style=\"color: #2b2b2b;\"><b>Inversi\u00f3n en infraestructura y servicios:<\/b><span style=\"font-weight: 400;\"> Parte de los ingresos generados por las ventas en nuestro centro comercial se reinvierten en la mejora de la infraestructura local y en la prestaci\u00f3n de servicios p\u00fablicos. Estas inversiones benefician a toda la comunidad sabanista.<\/span><\/span><\/p>\n<p style=\"text-align: justify;\"><span style=\"color: #2b2b2b;\"><b>Fomento del Desarrollo Econ\u00f3mico:<\/b><span style=\"font-weight: 400;\"> Al apoyar el crecimiento y la estabilidad de los comerciantes locales, contribuyes al desarrollo econ\u00f3mico sostenible a largo plazo. Un centro comercial pr\u00f3spero y vibrante es un reflejo de una econom\u00eda fuerte y din\u00e1mica por lo que cada compra que realizas es un paso hacia ese objetivo compartido.<\/span><\/span><\/p>\n<\/div><\/div><div class=\"et_pb_module et_pb_button_module_wrapper et_pb_button_0_wrapper\"><a class=\"et_pb_button_0 et_pb_button et_pb_bg_layout_dark et_animated et_pb_module et_block_module\" href=\"https:\/\/sabanaplaza.com.co\/index.php\/sabanistas\/\" target=\"_blank\">Conocer m\u00e1s de Sabana Plaza<\/a><\/div><\/div><div class=\"et_pb_column_6 et_pb_column et_pb_column_1_2 et-last-child et_block_column et_pb_css_mix_blend_mode_passthrough\"><div class=\"et_pb_image_2 et_pb_image et_pb_module et_block_module\"><span class=\"et_pb_image_wrap\"><img decoding=\"async\" src=\"https:\/\/sabanaplaza.com.co\/wp-content\/uploads\/2024\/04\/DSC07805-2-scaled.jpg\" width=\"1707\" height=\"2560\" srcset=\"https:\/\/sabanaplaza.com.co\/wp-content\/uploads\/2024\/04\/DSC07805-2-scaled.jpg 1707w, https:\/\/sabanaplaza.com.co\/wp-content\/uploads\/2024\/04\/DSC07805-2-1280x1920.jpg 1280w, https:\/\/sabanaplaza.com.co\/wp-content\/uploads\/2024\/04\/DSC07805-2-980x1470.jpg 980w, https:\/\/sabanaplaza.com.co\/wp-content\/uploads\/2024\/04\/DSC07805-2-480x720.jpg 480w\" sizes=\"(min-width: 0px) and (max-width: 480px) 480px, (min-width: 481px) and (max-width: 980px) 980px, (min-width: 981px) and (max-width: 1280px) 1280px, (min-width: 1281px) 1707px, 100vw\" class=\"wp-image-1112\" title=\"DSC07805 2\" \/><\/span><\/div><\/div><\/div><\/div><div class=\"et_pb_section_3 et_pb_section et_section_regular et_block_section et_pb_section_parallax\"><span class=\"et-pb-parallax-wrapper\"><span class=\"et-pb-parallax-background et-pb-parallax-background-module--divi-section-3\" style=\"background-image:url(https:\/\/sabanaplaza.com.co\/wp-content\/uploads\/2024\/03\/home-decor-07.jpg)\"><\/span><span class=\"et_parallax_gradient\" style=\"background-image:linear-gradient(180deg, rgba(14,14,14,0.7) 0%,rgba(14,14,14,0.3) 100% 100%)\"><\/span><\/span><div class=\"et_pb_row_4 et_pb_row et_block_row\"><div class=\"et_pb_column_7 et_pb_column et_pb_column_4_4 et-last-child et_block_column et_pb_css_mix_blend_mode_passthrough\"><div class=\"et_pb_text_4 et_pb_text et_pb_bg_layout_light et_pb_module et_block_module et_pb_text_align_center preset--module--divi-text--439f1e6a-8283-4cc5-aeb3-571a00449510\"><div class=\"et_pb_text_inner\"><h2><span><span style=\"font-weight: 400;\">Recuerda el poder que tienes como consumidor para impulsar el cambio y construir un futuro pr\u00f3spero para todos. <strong>\u00a1Gracias por ser parte de este importante viaje econ\u00f3mico!<\/strong><\/span><\/span><\/h2>\n<\/div><\/div><\/div><\/div><\/div>","protected":false},"excerpt":{"rendered":"","protected":false},"author":1,"featured_media":1119,"comment_status":"open","ping_status":"open","sticky":false,"template":"","format":"standard","meta":{"footnotes":""},"categories":[1],"tags":[],"class_list":["post-1108","post","type-post","status-publish","format-standard","has-post-thumbnail","hentry","category-blog"],"yoast_head":"<!-- This site is optimized with the Yoast SEO Premium plugin v22.8 (Yoast SEO v27.0) - https:\/\/yoast.com\/product\/yoast-seo-premium-wordpress\/ -->\n<title>Comprar en Sabana Plaza, un Aporte Vital a la Econom\u00eda\u00a0Nacional. - Sabana Plaza<\/title>\n<meta name=\"robots\" content=\"index, follow, max-snippet:-1, max-image-preview:large, max-video-preview:-1\" \/>\n<link rel=\"canonical\" href=\"https:\/\/sabanaplaza.com.co\/index.php\/2024\/04\/05\/aporte-vital-a-la-economia-nacional\/\" \/>\n<meta property=\"og:locale\" content=\"en_US\" \/>\n<meta property=\"og:type\" content=\"article\" \/>\n<meta property=\"og:title\" content=\"Comprar en Sabana Plaza, un Aporte Vital a la Econom\u00eda\u00a0Nacional.\" \/>\n<meta property=\"og:url\" content=\"https:\/\/sabanaplaza.com.co\/index.php\/2024\/04\/05\/aporte-vital-a-la-economia-nacional\/\" \/>\n<meta property=\"og:site_name\" content=\"Sabana Plaza\" \/>\n<meta property=\"article:published_time\" content=\"2024-04-05T20:11:05+00:00\" \/>\n<meta property=\"article:modified_time\" content=\"2026-02-25T15:17:55+00:00\" \/>\n<meta property=\"og:image\" content=\"https:\/\/sabanaplaza.com.co\/wp-content\/uploads\/2024\/04\/Mesa-de-trabajo-2-1024x341.png\" \/>\n\t<meta property=\"og:image:width\" content=\"1024\" \/>\n\t<meta property=\"og:image:height\" content=\"341\" \/>\n\t<meta property=\"og:image:type\" content=\"image\/png\" \/>\n<meta name=\"author\" content=\"Mercadeo y Comunicaciones\" \/>\n<meta name=\"twitter:card\" content=\"summary_large_image\" \/>\n<meta name=\"twitter:label1\" content=\"Written by\" \/>\n\t<meta name=\"twitter:data1\" content=\"Mercadeo y Comunicaciones\" \/>\n\t<meta name=\"twitter:label2\" content=\"Est. reading time\" \/>\n\t<meta name=\"twitter:data2\" content=\"3 minutes\" \/>\n<script type=\"application\/ld+json\" class=\"yoast-schema-graph\">{\"@context\":\"https:\/\/schema.org\",\"@graph\":[{\"@type\":\"Article\",\"@id\":\"https:\/\/sabanaplaza.com.co\/index.php\/2024\/04\/05\/aporte-vital-a-la-economia-nacional\/#article\",\"isPartOf\":{\"@id\":\"https:\/\/sabanaplaza.com.co\/index.php\/2024\/04\/05\/aporte-vital-a-la-economia-nacional\/\"},\"author\":{\"name\":\"Mercadeo y Comunicaciones\",\"@id\":\"https:\/\/sabanaplaza.com.co\/#\/schema\/person\/ea261bf604d2aa7533e9e84b1da69e9b\"},\"headline\":\"Comprar en Sabana Plaza, un Aporte Vital a la Econom\u00eda\u00a0Nacional.\",\"datePublished\":\"2024-04-05T20:11:05+00:00\",\"dateModified\":\"2026-02-25T15:17:55+00:00\",\"mainEntityOfPage\":{\"@id\":\"https:\/\/sabanaplaza.com.co\/index.php\/2024\/04\/05\/aporte-vital-a-la-economia-nacional\/\"},\"wordCount\":12,\"commentCount\":0,\"image\":{\"@id\":\"https:\/\/sabanaplaza.com.co\/index.php\/2024\/04\/05\/aporte-vital-a-la-economia-nacional\/#primaryimage\"},\"thumbnailUrl\":\"https:\/\/sabanaplaza.com.co\/wp-content\/uploads\/2024\/04\/Mesa-de-trabajo-2.png\",\"articleSection\":[\"Blog\"],\"inLanguage\":\"en-US\",\"potentialAction\":[{\"@type\":\"CommentAction\",\"name\":\"Comment\",\"target\":[\"https:\/\/sabanaplaza.com.co\/index.php\/2024\/04\/05\/aporte-vital-a-la-economia-nacional\/#respond\"]}]},{\"@type\":\"WebPage\",\"@id\":\"https:\/\/sabanaplaza.com.co\/index.php\/2024\/04\/05\/aporte-vital-a-la-economia-nacional\/\",\"url\":\"https:\/\/sabanaplaza.com.co\/index.php\/2024\/04\/05\/aporte-vital-a-la-economia-nacional\/\",\"name\":\"Comprar en Sabana Plaza, un Aporte Vital a la Econom\u00eda\u00a0Nacional. - Sabana Plaza\",\"isPartOf\":{\"@id\":\"https:\/\/sabanaplaza.com.co\/#website\"},\"primaryImageOfPage\":{\"@id\":\"https:\/\/sabanaplaza.com.co\/index.php\/2024\/04\/05\/aporte-vital-a-la-economia-nacional\/#primaryimage\"},\"image\":{\"@id\":\"https:\/\/sabanaplaza.com.co\/index.php\/2024\/04\/05\/aporte-vital-a-la-economia-nacional\/#primaryimage\"},\"thumbnailUrl\":\"https:\/\/sabanaplaza.com.co\/wp-content\/uploads\/2024\/04\/Mesa-de-trabajo-2.png\",\"datePublished\":\"2024-04-05T20:11:05+00:00\",\"dateModified\":\"2026-02-25T15:17:55+00:00\",\"author\":{\"@id\":\"https:\/\/sabanaplaza.com.co\/#\/schema\/person\/ea261bf604d2aa7533e9e84b1da69e9b\"},\"breadcrumb\":{\"@id\":\"https:\/\/sabanaplaza.com.co\/index.php\/2024\/04\/05\/aporte-vital-a-la-economia-nacional\/#breadcrumb\"},\"inLanguage\":\"en-US\",\"potentialAction\":[{\"@type\":\"ReadAction\",\"target\":[\"https:\/\/sabanaplaza.com.co\/index.php\/2024\/04\/05\/aporte-vital-a-la-economia-nacional\/\"]}]},{\"@type\":\"ImageObject\",\"inLanguage\":\"en-US\",\"@id\":\"https:\/\/sabanaplaza.com.co\/index.php\/2024\/04\/05\/aporte-vital-a-la-economia-nacional\/#primaryimage\",\"url\":\"https:\/\/sabanaplaza.com.co\/wp-content\/uploads\/2024\/04\/Mesa-de-trabajo-2.png\",\"contentUrl\":\"https:\/\/sabanaplaza.com.co\/wp-content\/uploads\/2024\/04\/Mesa-de-trabajo-2.png\",\"width\":3243,\"height\":1081},{\"@type\":\"BreadcrumbList\",\"@id\":\"https:\/\/sabanaplaza.com.co\/index.php\/2024\/04\/05\/aporte-vital-a-la-economia-nacional\/#breadcrumb\",\"itemListElement\":[{\"@type\":\"ListItem\",\"position\":1,\"name\":\"Portada\",\"item\":\"https:\/\/sabanaplaza.com.co\/\"},{\"@type\":\"ListItem\",\"position\":2,\"name\":\"Comprar en Sabana Plaza, un Aporte Vital a la Econom\u00eda\u00a0Nacional.\"}]},{\"@type\":\"WebSite\",\"@id\":\"https:\/\/sabanaplaza.com.co\/#website\",\"url\":\"https:\/\/sabanaplaza.com.co\/\",\"name\":\"Sabana Plaza\",\"description\":\"Centro Comercial \",\"potentialAction\":[{\"@type\":\"SearchAction\",\"target\":{\"@type\":\"EntryPoint\",\"urlTemplate\":\"https:\/\/sabanaplaza.com.co\/?s={search_term_string}\"},\"query-input\":{\"@type\":\"PropertyValueSpecification\",\"valueRequired\":true,\"valueName\":\"search_term_string\"}}],\"inLanguage\":\"en-US\"},{\"@type\":\"Person\",\"@id\":\"https:\/\/sabanaplaza.com.co\/#\/schema\/person\/ea261bf604d2aa7533e9e84b1da69e9b\",\"name\":\"Mercadeo y Comunicaciones\",\"image\":{\"@type\":\"ImageObject\",\"inLanguage\":\"en-US\",\"@id\":\"https:\/\/sabanaplaza.com.co\/#\/schema\/person\/image\/\",\"url\":\"https:\/\/secure.gravatar.com\/avatar\/a29e49847a3876ec70fb70dd728d3f2e90eda9c17724e2154147acc75a658926?s=96&d=mm&r=g\",\"contentUrl\":\"https:\/\/secure.gravatar.com\/avatar\/a29e49847a3876ec70fb70dd728d3f2e90eda9c17724e2154147acc75a658926?s=96&d=mm&r=g\",\"caption\":\"Mercadeo y Comunicaciones\"},\"sameAs\":[\"https:\/\/sabanaplaza.com.co\"],\"url\":\"https:\/\/sabanaplaza.com.co\/index.php\/author\/gerencia\/\"}]}<\/script>\n<!-- \/ Yoast SEO Premium plugin. -->","yoast_head_json":{"title":"Comprar en Sabana Plaza, un Aporte Vital a la Econom\u00eda\u00a0Nacional. - Sabana Plaza","robots":{"index":"index","follow":"follow","max-snippet":"max-snippet:-1","max-image-preview":"max-image-preview:large","max-video-preview":"max-video-preview:-1"},"canonical":"https:\/\/sabanaplaza.com.co\/index.php\/2024\/04\/05\/aporte-vital-a-la-economia-nacional\/","og_locale":"en_US","og_type":"article","og_title":"Comprar en Sabana Plaza, un Aporte Vital a la Econom\u00eda\u00a0Nacional.","og_url":"https:\/\/sabanaplaza.com.co\/index.php\/2024\/04\/05\/aporte-vital-a-la-economia-nacional\/","og_site_name":"Sabana Plaza","article_published_time":"2024-04-05T20:11:05+00:00","article_modified_time":"2026-02-25T15:17:55+00:00","og_image":[{"width":1024,"height":341,"url":"https:\/\/sabanaplaza.com.co\/wp-content\/uploads\/2024\/04\/Mesa-de-trabajo-2-1024x341.png","type":"image\/png"}],"author":"Mercadeo y Comunicaciones","twitter_card":"summary_large_image","twitter_misc":{"Written by":"Mercadeo y Comunicaciones","Est. reading time":"3 minutes"},"schema":{"@context":"https:\/\/schema.org","@graph":[{"@type":"Article","@id":"https:\/\/sabanaplaza.com.co\/index.php\/2024\/04\/05\/aporte-vital-a-la-economia-nacional\/#article","isPartOf":{"@id":"https:\/\/sabanaplaza.com.co\/index.php\/2024\/04\/05\/aporte-vital-a-la-economia-nacional\/"},"author":{"name":"Mercadeo y Comunicaciones","@id":"https:\/\/sabanaplaza.com.co\/#\/schema\/person\/ea261bf604d2aa7533e9e84b1da69e9b"},"headline":"Comprar en Sabana Plaza, un Aporte Vital a la Econom\u00eda\u00a0Nacional.","datePublished":"2024-04-05T20:11:05+00:00","dateModified":"2026-02-25T15:17:55+00:00","mainEntityOfPage":{"@id":"https:\/\/sabanaplaza.com.co\/index.php\/2024\/04\/05\/aporte-vital-a-la-economia-nacional\/"},"wordCount":12,"commentCount":0,"image":{"@id":"https:\/\/sabanaplaza.com.co\/index.php\/2024\/04\/05\/aporte-vital-a-la-economia-nacional\/#primaryimage"},"thumbnailUrl":"https:\/\/sabanaplaza.com.co\/wp-content\/uploads\/2024\/04\/Mesa-de-trabajo-2.png","articleSection":["Blog"],"inLanguage":"en-US","potentialAction":[{"@type":"CommentAction","name":"Comment","target":["https:\/\/sabanaplaza.com.co\/index.php\/2024\/04\/05\/aporte-vital-a-la-economia-nacional\/#respond"]}]},{"@type":"WebPage","@id":"https:\/\/sabanaplaza.com.co\/index.php\/2024\/04\/05\/aporte-vital-a-la-economia-nacional\/","url":"https:\/\/sabanaplaza.com.co\/index.php\/2024\/04\/05\/aporte-vital-a-la-economia-nacional\/","name":"Comprar en Sabana Plaza, un Aporte Vital a la Econom\u00eda\u00a0Nacional. - Sabana Plaza","isPartOf":{"@id":"https:\/\/sabanaplaza.com.co\/#website"},"primaryImageOfPage":{"@id":"https:\/\/sabanaplaza.com.co\/index.php\/2024\/04\/05\/aporte-vital-a-la-economia-nacional\/#primaryimage"},"image":{"@id":"https:\/\/sabanaplaza.com.co\/index.php\/2024\/04\/05\/aporte-vital-a-la-economia-nacional\/#primaryimage"},"thumbnailUrl":"https:\/\/sabanaplaza.com.co\/wp-content\/uploads\/2024\/04\/Mesa-de-trabajo-2.png","datePublished":"2024-04-05T20:11:05+00:00","dateModified":"2026-02-25T15:17:55+00:00","author":{"@id":"https:\/\/sabanaplaza.com.co\/#\/schema\/person\/ea261bf604d2aa7533e9e84b1da69e9b"},"breadcrumb":{"@id":"https:\/\/sabanaplaza.com.co\/index.php\/2024\/04\/05\/aporte-vital-a-la-economia-nacional\/#breadcrumb"},"inLanguage":"en-US","potentialAction":[{"@type":"ReadAction","target":["https:\/\/sabanaplaza.com.co\/index.php\/2024\/04\/05\/aporte-vital-a-la-economia-nacional\/"]}]},{"@type":"ImageObject","inLanguage":"en-US","@id":"https:\/\/sabanaplaza.com.co\/index.php\/2024\/04\/05\/aporte-vital-a-la-economia-nacional\/#primaryimage","url":"https:\/\/sabanaplaza.com.co\/wp-content\/uploads\/2024\/04\/Mesa-de-trabajo-2.png","contentUrl":"https:\/\/sabanaplaza.com.co\/wp-content\/uploads\/2024\/04\/Mesa-de-trabajo-2.png","width":3243,"height":1081},{"@type":"BreadcrumbList","@id":"https:\/\/sabanaplaza.com.co\/index.php\/2024\/04\/05\/aporte-vital-a-la-economia-nacional\/#breadcrumb","itemListElement":[{"@type":"ListItem","position":1,"name":"Portada","item":"https:\/\/sabanaplaza.com.co\/"},{"@type":"ListItem","position":2,"name":"Comprar en Sabana Plaza, un Aporte Vital a la Econom\u00eda\u00a0Nacional."}]},{"@type":"WebSite","@id":"https:\/\/sabanaplaza.com.co\/#website","url":"https:\/\/sabanaplaza.com.co\/","name":"Sabana Plaza","description":"Centro Comercial ","potentialAction":[{"@type":"SearchAction","target":{"@type":"EntryPoint","urlTemplate":"https:\/\/sabanaplaza.com.co\/?s={search_term_string}"},"query-input":{"@type":"PropertyValueSpecification","valueRequired":true,"valueName":"search_term_string"}}],"inLanguage":"en-US"},{"@type":"Person","@id":"https:\/\/sabanaplaza.com.co\/#\/schema\/person\/ea261bf604d2aa7533e9e84b1da69e9b","name":"Mercadeo y Comunicaciones","image":{"@type":"ImageObject","inLanguage":"en-US","@id":"https:\/\/sabanaplaza.com.co\/#\/schema\/person\/image\/","url":"https:\/\/secure.gravatar.com\/avatar\/a29e49847a3876ec70fb70dd728d3f2e90eda9c17724e2154147acc75a658926?s=96&d=mm&r=g","contentUrl":"https:\/\/secure.gravatar.com\/avatar\/a29e49847a3876ec70fb70dd728d3f2e90eda9c17724e2154147acc75a658926?s=96&d=mm&r=g","caption":"Mercadeo y Comunicaciones"},"sameAs":["https:\/\/sabanaplaza.com.co"],"url":"https:\/\/sabanaplaza.com.co\/index.php\/author\/gerencia\/"}]}},"_links":{"self":[{"href":"https:\/\/sabanaplaza.com.co\/index.php\/wp-json\/wp\/v2\/posts\/1108","targetHints":{"allow":["GET"]}}],"collection":[{"href":"https:\/\/sabanaplaza.com.co\/index.php\/wp-json\/wp\/v2\/posts"}],"about":[{"href":"https:\/\/sabanaplaza.com.co\/index.php\/wp-json\/wp\/v2\/types\/post"}],"author":[{"embeddable":true,"href":"https:\/\/sabanaplaza.com.co\/index.php\/wp-json\/wp\/v2\/users\/1"}],"replies":[{"embeddable":true,"href":"https:\/\/sabanaplaza.com.co\/index.php\/wp-json\/wp\/v2\/comments?post=1108"}],"version-history":[{"count":9,"href":"https:\/\/sabanaplaza.com.co\/index.php\/wp-json\/wp\/v2\/posts\/1108\/revisions"}],"predecessor-version":[{"id":2237,"href":"https:\/\/sabanaplaza.com.co\/index.php\/wp-json\/wp\/v2\/posts\/1108\/revisions\/2237"}],"wp:featuredmedia":[{"embeddable":true,"href":"https:\/\/sabanaplaza.com.co\/index.php\/wp-json\/wp\/v2\/media\/1119"}],"wp:attachment":[{"href":"https:\/\/sabanaplaza.com.co\/index.php\/wp-json\/wp\/v2\/media?parent=1108"}],"wp:term":[{"taxonomy":"category","embeddable":true,"href":"https:\/\/sabanaplaza.com.co\/index.php\/wp-json\/wp\/v2\/categories?post=1108"},{"taxonomy":"post_tag","embeddable":true,"href":"https:\/\/sabanaplaza.com.co\/index.php\/wp-json\/wp\/v2\/tags?post=1108"}],"curies":[{"name":"wp","href":"https:\/\/api.w.org\/{rel}","templated":true}]}}