{"id":1159,"date":"2024-05-01T21:41:03","date_gmt":"2024-05-01T19:41:03","guid":{"rendered":"https:\/\/sabanaplaza.com.co\/?p=1159"},"modified":"2026-02-25T16:17:56","modified_gmt":"2026-02-25T15:17:56","slug":"el-comercio-que-nunca-duerme","status":"publish","type":"post","link":"https:\/\/sabanaplaza.com.co\/index.php\/2024\/05\/01\/el-comercio-que-nunca-duerme\/","title":{"rendered":"El Comercio que Nunca Duerme"},"content":{"rendered":"<div class=\"et_pb_section_0 et_pb_section et_section_regular et_block_section\"><div class=\"et_pb_row_0 et_pb_row et_block_row\"><div class=\"et_pb_column_0 et_pb_column et_pb_column_4_4 et-last-child et_block_column et_pb_css_mix_blend_mode_passthrough\"><div class=\"et_pb_text_0 et_pb_text et_pb_bg_layout_light et_pb_module et_block_module et_pb_text_align_center preset--module--divi-text--9a1d4c7d-ac37-4448-8924-0051354f13dc\"><div class=\"et_pb_text_inner\"><h3><span><b>Alzamos la voz para homenajear a quienes con su labor incansable impulsan el comercio popular, un sector que nunca para.<\/b><\/span><\/h3>\n<\/div><\/div><\/div><\/div><\/div><div class=\"et_pb_section_1 et_pb_section et_section_regular et_block_section\"><div class=\"et_pb_row_1 et_pb_row et_block_row\"><div class=\"et_pb_column_1 et_pb_column et_pb_column_4_4 et-last-child et_block_column et_pb_css_mix_blend_mode_passthrough\"><div class=\"et_pb_text_1 et_pb_text et_pb_bg_layout_light et_pb_module et_block_module et_pb_text_align_center preset--module--divi-text--9a1d4c7d-ac37-4448-8924-0051354f13dc\"><div class=\"et_pb_text_inner\"><p style=\"text-align: justify;\"><em><span style=\"font-size: large; color: #0a0a0a;\"><span>En Sabana Plaza, celebramos la dedicaci\u00f3n y el compromiso de los valientes comerciantes que d\u00eda a d\u00eda, desde los sectores de jugueter\u00eda y tecnolog\u00eda, licores y abarrotes, textiles y calzado, aportan al crecimiento de la econom\u00eda colombiana.<\/span><\/span><\/em><\/p>\n<\/div><\/div><\/div><\/div><\/div><div class=\"et_pb_section_2 et_pb_section et_section_regular et_block_section\"><div class=\"et_pb_row_2 et_pb_row et_block_row\"><div class=\"et_pb_column_2 et_pb_column et_pb_column_3_5 et_block_column et_pb_css_mix_blend_mode_passthrough\"><div class=\"et_pb_text_2 et_pb_text et_pb_bg_layout_light et_pb_module et_block_module preset--module--divi-text--c28e4140-1d00-437f-97e2-437c8791c679\"><div class=\"et_pb_text_inner\"><p style=\"text-align: justify;\"><span style=\"color: #1c1c1c;\"><b><span>Son ellos, los creadores de sue\u00f1os, quienes desde la jugueter\u00eda y tecnolog\u00eda nos traen innovaci\u00f3n y diversi\u00f3n, conectando corazones y mentes con sus productos. Son ellos, los guardianes de nuestras tradiciones y momentos especiales, desde licores y abarrotes, quienes nos deleitan con su amplia gama de productos, enriqueciendo nuestras celebraciones y nuestro d\u00eda a d\u00eda.<\/span><\/b><\/span><\/p>\n<\/div><\/div><\/div><div class=\"et_pb_column_3 et_pb_column et_pb_column_2_5 et-last-child et_block_column et_pb_css_mix_blend_mode_passthrough\"><div class=\"et_pb_image_0 et_pb_image et_pb_module et_block_module\"><span class=\"et_pb_image_wrap\"><img decoding=\"async\" src=\"https:\/\/sabanaplaza.com.co\/wp-content\/uploads\/2024\/05\/IMG_4143_Cuadrada.jpg\" width=\"1600\" height=\"1600\" srcset=\"https:\/\/sabanaplaza.com.co\/wp-content\/uploads\/2024\/05\/IMG_4143_Cuadrada.jpg 1600w, https:\/\/sabanaplaza.com.co\/wp-content\/uploads\/2024\/05\/IMG_4143_Cuadrada-1280x1280.jpg 1280w, https:\/\/sabanaplaza.com.co\/wp-content\/uploads\/2024\/05\/IMG_4143_Cuadrada-980x980.jpg 980w, https:\/\/sabanaplaza.com.co\/wp-content\/uploads\/2024\/05\/IMG_4143_Cuadrada-480x480.jpg 480w\" sizes=\"(min-width: 0px) and (max-width: 480px) 480px, (min-width: 481px) and (max-width: 980px) 980px, (min-width: 981px) and (max-width: 1280px) 1280px, (min-width: 1281px) 1600px, 100vw\" class=\"wp-image-1168\" title=\"IMG_4143_Cuadrada\" \/><\/span><\/div><div class=\"et_pb_icon_0 et_pb_icon et_pb_module et_block_module\"><span class=\"et_pb_icon_wrap\"><span class=\"et-pb-icon\">\uf069<\/span><\/span><\/div><div class=\"et_pb_icon_1 et_pb_icon et_pb_module et_block_module\"><span class=\"et_pb_icon_wrap\"><span class=\"et-pb-icon\">\uf666<\/span><\/span><\/div><\/div><\/div><\/div><div class=\"et_pb_section_3 et_pb_section et_section_regular et_block_section\"><div class=\"et_pb_row_3 et_pb_row et_block_row\"><div class=\"et_pb_column_4 et_pb_column et_pb_column_1_2 et_block_column et_pb_css_mix_blend_mode_passthrough\"><div class=\"et_pb_image_1 et_pb_image et_pb_module et_block_module\"><span class=\"et_pb_image_wrap\"><img decoding=\"async\" src=\"https:\/\/sabanaplaza.com.co\/wp-content\/uploads\/2024\/05\/IMG_4172-1-scaled.jpg\" width=\"1920\" height=\"2560\" srcset=\"https:\/\/sabanaplaza.com.co\/wp-content\/uploads\/2024\/05\/IMG_4172-1-scaled.jpg 1920w, https:\/\/sabanaplaza.com.co\/wp-content\/uploads\/2024\/05\/IMG_4172-1-1280x1707.jpg 1280w, https:\/\/sabanaplaza.com.co\/wp-content\/uploads\/2024\/05\/IMG_4172-1-980x1307.jpg 980w, https:\/\/sabanaplaza.com.co\/wp-content\/uploads\/2024\/05\/IMG_4172-1-480x640.jpg 480w\" sizes=\"(min-width: 0px) and (max-width: 480px) 480px, (min-width: 481px) and (max-width: 980px) 980px, (min-width: 981px) and (max-width: 1280px) 1280px, (min-width: 1281px) 1920px, 100vw\" class=\"wp-image-1163\" title=\"IMG_4172 (1)\" \/><\/span><\/div><\/div><div class=\"et_pb_column_5 et_pb_column et_pb_column_1_2 et-last-child et_block_column et_pb_css_mix_blend_mode_passthrough\"><div class=\"et_pb_text_3 et_pb_text et_pb_bg_layout_light et_pb_module et_block_module preset--module--divi-text--c28e4140-1d00-437f-97e2-437c8791c679\"><div class=\"et_pb_text_inner\"><p style=\"text-align: justify;\"><span style=\"color: #000000;\"><span>Y son ellos, los forjadores de estilo y comodidad, desde textiles y calzado, quienes nos visten con elegancia y nos calzan con confort, inspirando nuestra confianza y nuestra autenticidad. En Sabana Plaza, reconocemos el esfuerzo y la pasi\u00f3n que cada uno de estos trabajadores pone en su labor, transformando nuestras ciudades y enriqueciendo nuestra experiencia de compra.<\/span><\/span><span style=\"color: #2b2b2b;\"><span style=\"font-weight: 400;\"><span><\/span><\/span><\/span><\/p>\n<p style=\"text-align: justify;\"><span style=\"color: #000000;\"><span><\/span><\/span><\/p>\n<p style=\"text-align: justify;\"><span style=\"color: #000000;\"><span>El sector de la jugueter\u00eda y tecnolog\u00eda, por ejemplo, no solo nos ofrece los \u00faltimos gadgets y los juguetes m\u00e1s divertidos, sino que tambi\u00e9n impulsa la creatividad, la imaginaci\u00f3n y el aprendizaje en nuestros ni\u00f1os. Cone videojuegos educativos y motocicletas de \u00faltima generaci\u00f3n, estos comerciantes est\u00e1n en constante b\u00fasqueda de productos innovadores que enriquezcan la experiencia de juego y aprendizaje de los pr\u00f3ximos emprendedores de nuestro pa\u00eds.<\/span><\/span><\/p>\n<\/div><\/div><\/div><\/div><div class=\"et_pb_row_4 et_pb_row et_block_row\"><div class=\"et_pb_column_6 et_pb_column et_pb_column_1_2 et_block_column et_pb_css_mix_blend_mode_passthrough\"><div class=\"et_pb_text_4 et_pb_text et_pb_bg_layout_light et_pb_module et_block_module preset--module--divi-text--c28e4140-1d00-437f-97e2-437c8791c679\"><div class=\"et_pb_text_inner\"><p style=\"text-align: justify;\"><span style=\"color: #000000;\">Por otro lado, el sector de licores y abarrotes es el fiel custodio de nuestras celebraciones y encuentros sociales. Por ejemplo, una botella de vino para una cena rom\u00e1ntica con los ingredientes para una fiesta inolvidable, nuestros comerciantes est\u00e1n en todo momento para\u00a0 ampliar la gama de productos que enriquecen nuestros momentos especiales y fortalecen los lazos familiares y comunitarios.<\/span><\/p>\n<p style=\"text-align: justify;\"><span style=\"color: #000000;\">Y qu\u00e9 decir del sector textil y de calzado, que no solo nos viste con estilo y confort, sino que tambi\u00e9n impulsa la industria manufacturera nacional y genera miles de empleos en todo el pa\u00eds. Desde la \u00faltima moda en prendas de vestir hasta los zapatos m\u00e1s c\u00f3modos y elegantes, estos comerciantes nos ayudan a expresar nuestra personalidad y a sentirnos seguros y confiados en nuestro d\u00eda a d\u00eda.<\/span><\/p>\n<\/div><\/div><div class=\"et_pb_module et_pb_button_module_wrapper et_pb_button_0_wrapper\"><a class=\"et_pb_button_0 et_pb_button et_pb_bg_layout_dark et_animated et_pb_module et_block_module\" href=\"https:\/\/sabanaplaza.com.co\/index.php\/sabanistas\/\" target=\"_blank\">Conocer m\u00e1s de Sabana Plaza<\/a><\/div><\/div><div class=\"et_pb_column_7 et_pb_column et_pb_column_1_2 et-last-child et_block_column et_pb_css_mix_blend_mode_passthrough\"><div class=\"et_pb_image_2 et_pb_image et_pb_module et_block_module\"><span class=\"et_pb_image_wrap\"><img decoding=\"async\" src=\"https:\/\/sabanaplaza.com.co\/wp-content\/uploads\/2024\/05\/IMG_4709-scaled.jpg\" width=\"1920\" height=\"2560\" srcset=\"https:\/\/sabanaplaza.com.co\/wp-content\/uploads\/2024\/05\/IMG_4709-scaled.jpg 1920w, https:\/\/sabanaplaza.com.co\/wp-content\/uploads\/2024\/05\/IMG_4709-1280x1707.jpg 1280w, https:\/\/sabanaplaza.com.co\/wp-content\/uploads\/2024\/05\/IMG_4709-980x1307.jpg 980w, https:\/\/sabanaplaza.com.co\/wp-content\/uploads\/2024\/05\/IMG_4709-480x640.jpg 480w\" sizes=\"(min-width: 0px) and (max-width: 480px) 480px, (min-width: 481px) and (max-width: 980px) 980px, (min-width: 981px) and (max-width: 1280px) 1280px, (min-width: 1281px) 1920px, 100vw\" class=\"wp-image-1164\" title=\"IMG_4709\" \/><\/span><\/div><\/div><\/div><\/div><div class=\"et_pb_section_4 et_pb_section et_section_regular et_block_section et_pb_section_parallax\"><span class=\"et-pb-parallax-wrapper\"><span class=\"et-pb-parallax-background et-pb-parallax-background-module--divi-section-4\" style=\"background-image:url(https:\/\/sabanaplaza.com.co\/wp-content\/uploads\/2024\/03\/home-decor-07.jpg)\"><\/span><span class=\"et_parallax_gradient\" style=\"background-image:linear-gradient(180deg, rgba(14,14,14,0.7) 0%,rgba(14,14,14,0.3) 100% 100%)\"><\/span><\/span><div class=\"et_pb_row_5 et_pb_row et_block_row\"><div class=\"et_pb_column_8 et_pb_column et_pb_column_4_4 et-last-child et_block_column et_pb_css_mix_blend_mode_passthrough\"><div class=\"et_pb_text_5 et_pb_text et_pb_bg_layout_light et_pb_module et_block_module et_pb_text_align_center preset--module--divi-text--439f1e6a-8283-4cc5-aeb3-571a00449510\"><div class=\"et_pb_text_inner\"><div class=\"flex-1 overflow-hidden\">\n<div class=\"react-scroll-to-bottom--css-rlyth-79elbk h-full\">\n<div class=\"react-scroll-to-bottom--css-rlyth-1n7m0yu\">\n<div>\n<div class=\"flex flex-col text-sm pb-9\">\n<div class=\"w-full text-token-text-primary\" dir=\"auto\" data-testid=\"conversation-turn-137\" data-scroll-anchor=\"true\">\n<div class=\"px-4 py-2 justify-center text-base md:gap-6 m-auto\">\n<div class=\"flex flex-1 text-base mx-auto gap-3 juice:gap-4 juice:md:gap-6 md:px-5 lg:px-1 xl:px-5 md:max-w-3xl lg:max-w-[40rem] xl:max-w-[48rem]\">\n<div class=\"relative flex w-full min-w-0 flex-col agent-turn\">\n<div class=\"flex-col gap-1 md:gap-3\">\n<div class=\"flex flex-grow flex-col max-w-full\">\n<div data-message-author-role=\"assistant\" data-message-id=\"14b17ced-92dd-46f5-941b-fee4cffc4954\" dir=\"auto\" class=\"min-h-[20px] text-message flex flex-col items-start gap-3 whitespace-pre-wrap break-words [.text-message+&amp;]:mt-5 overflow-x-auto\">\n<div class=\"markdown prose w-full break-words dark:prose-invert light\">\n<blockquote>\n<p><span style=\"color: #ffffff; font-size: xx-large;\">En Sabana Plaza, estamos profundamente agradecidos con todos los trabajadores del comercio popular. Su esfuerzo, su dedicaci\u00f3n y su pasi\u00f3n son los pilares sobre los cuales se construye nuestra econom\u00eda y nuestra sociedad. En este D\u00eda del Trabajador, los celebramos y los honramos por su invaluable contribuci\u00f3n al progreso y bienestar de nuestro pa\u00eds.<\/span><\/p>\n<p><span style=\"color: #ffffff; font-size: xx-large;\"><\/span><\/p>\n<p><span style=\"color: #ffffff; font-size: xx-large;\"><\/span><\/p>\n<p><span style=\"color: #ffffff; font-size: xx-large;\"><\/span><\/p>\n<p><span style=\"color: #ffffff; font-size: xx-large;\">\u00a1Feliz d\u00eda a todos los trabajadores del comercio que nunca duerme!<\/span><\/p>\n<\/blockquote>\n<\/div>\n<\/div>\n<\/div>\n<\/div>\n<\/div>\n<\/div>\n<\/div>\n<\/div>\n<\/div>\n<\/div>\n<\/div>\n<\/div>\n<\/div>\n<\/div><\/div><\/div><\/div><\/div>","protected":false},"excerpt":{"rendered":"","protected":false},"author":1,"featured_media":1166,"comment_status":"open","ping_status":"open","sticky":false,"template":"","format":"standard","meta":{"footnotes":""},"categories":[1],"tags":[],"class_list":["post-1159","post","type-post","status-publish","format-standard","has-post-thumbnail","hentry","category-blog"],"yoast_head":"<!-- This site is optimized with the Yoast SEO Premium plugin v22.8 (Yoast SEO v27.0) - https:\/\/yoast.com\/product\/yoast-seo-premium-wordpress\/ -->\n<title>El Comercio que Nunca Duerme - Sabana Plaza<\/title>\n<meta name=\"robots\" content=\"index, follow, max-snippet:-1, max-image-preview:large, max-video-preview:-1\" \/>\n<link rel=\"canonical\" href=\"https:\/\/sabanaplaza.com.co\/index.php\/2024\/05\/01\/el-comercio-que-nunca-duerme\/\" \/>\n<meta property=\"og:locale\" content=\"en_US\" \/>\n<meta property=\"og:type\" content=\"article\" \/>\n<meta property=\"og:title\" content=\"El Comercio que Nunca Duerme\" \/>\n<meta property=\"og:url\" content=\"https:\/\/sabanaplaza.com.co\/index.php\/2024\/05\/01\/el-comercio-que-nunca-duerme\/\" \/>\n<meta property=\"og:site_name\" content=\"Sabana Plaza\" \/>\n<meta property=\"article:published_time\" content=\"2024-05-01T19:41:03+00:00\" \/>\n<meta property=\"article:modified_time\" content=\"2026-02-25T15:17:56+00:00\" \/>\n<meta property=\"og:image\" content=\"https:\/\/sabanaplaza.com.co\/wp-content\/uploads\/2024\/05\/1.jpg\" \/>\n\t<meta property=\"og:image:width\" content=\"1559\" \/>\n\t<meta property=\"og:image:height\" content=\"681\" \/>\n\t<meta property=\"og:image:type\" content=\"image\/jpeg\" \/>\n<meta name=\"author\" content=\"Mercadeo y Comunicaciones\" \/>\n<meta name=\"twitter:card\" content=\"summary_large_image\" \/>\n<meta name=\"twitter:label1\" content=\"Written by\" \/>\n\t<meta name=\"twitter:data1\" content=\"Mercadeo y Comunicaciones\" \/>\n\t<meta name=\"twitter:label2\" content=\"Est. reading time\" \/>\n\t<meta name=\"twitter:data2\" content=\"3 minutes\" \/>\n<script type=\"application\/ld+json\" class=\"yoast-schema-graph\">{\"@context\":\"https:\/\/schema.org\",\"@graph\":[{\"@type\":\"Article\",\"@id\":\"https:\/\/sabanaplaza.com.co\/index.php\/2024\/05\/01\/el-comercio-que-nunca-duerme\/#article\",\"isPartOf\":{\"@id\":\"https:\/\/sabanaplaza.com.co\/index.php\/2024\/05\/01\/el-comercio-que-nunca-duerme\/\"},\"author\":{\"name\":\"Mercadeo y Comunicaciones\",\"@id\":\"https:\/\/sabanaplaza.com.co\/#\/schema\/person\/ea261bf604d2aa7533e9e84b1da69e9b\"},\"headline\":\"El Comercio que Nunca Duerme\",\"datePublished\":\"2024-05-01T19:41:03+00:00\",\"dateModified\":\"2026-02-25T15:17:56+00:00\",\"mainEntityOfPage\":{\"@id\":\"https:\/\/sabanaplaza.com.co\/index.php\/2024\/05\/01\/el-comercio-que-nunca-duerme\/\"},\"wordCount\":5,\"commentCount\":0,\"image\":{\"@id\":\"https:\/\/sabanaplaza.com.co\/index.php\/2024\/05\/01\/el-comercio-que-nunca-duerme\/#primaryimage\"},\"thumbnailUrl\":\"https:\/\/sabanaplaza.com.co\/wp-content\/uploads\/2024\/05\/1.jpg\",\"articleSection\":[\"Blog\"],\"inLanguage\":\"en-US\",\"potentialAction\":[{\"@type\":\"CommentAction\",\"name\":\"Comment\",\"target\":[\"https:\/\/sabanaplaza.com.co\/index.php\/2024\/05\/01\/el-comercio-que-nunca-duerme\/#respond\"]}]},{\"@type\":\"WebPage\",\"@id\":\"https:\/\/sabanaplaza.com.co\/index.php\/2024\/05\/01\/el-comercio-que-nunca-duerme\/\",\"url\":\"https:\/\/sabanaplaza.com.co\/index.php\/2024\/05\/01\/el-comercio-que-nunca-duerme\/\",\"name\":\"El Comercio que Nunca Duerme - Sabana Plaza\",\"isPartOf\":{\"@id\":\"https:\/\/sabanaplaza.com.co\/#website\"},\"primaryImageOfPage\":{\"@id\":\"https:\/\/sabanaplaza.com.co\/index.php\/2024\/05\/01\/el-comercio-que-nunca-duerme\/#primaryimage\"},\"image\":{\"@id\":\"https:\/\/sabanaplaza.com.co\/index.php\/2024\/05\/01\/el-comercio-que-nunca-duerme\/#primaryimage\"},\"thumbnailUrl\":\"https:\/\/sabanaplaza.com.co\/wp-content\/uploads\/2024\/05\/1.jpg\",\"datePublished\":\"2024-05-01T19:41:03+00:00\",\"dateModified\":\"2026-02-25T15:17:56+00:00\",\"author\":{\"@id\":\"https:\/\/sabanaplaza.com.co\/#\/schema\/person\/ea261bf604d2aa7533e9e84b1da69e9b\"},\"breadcrumb\":{\"@id\":\"https:\/\/sabanaplaza.com.co\/index.php\/2024\/05\/01\/el-comercio-que-nunca-duerme\/#breadcrumb\"},\"inLanguage\":\"en-US\",\"potentialAction\":[{\"@type\":\"ReadAction\",\"target\":[\"https:\/\/sabanaplaza.com.co\/index.php\/2024\/05\/01\/el-comercio-que-nunca-duerme\/\"]}]},{\"@type\":\"ImageObject\",\"inLanguage\":\"en-US\",\"@id\":\"https:\/\/sabanaplaza.com.co\/index.php\/2024\/05\/01\/el-comercio-que-nunca-duerme\/#primaryimage\",\"url\":\"https:\/\/sabanaplaza.com.co\/wp-content\/uploads\/2024\/05\/1.jpg\",\"contentUrl\":\"https:\/\/sabanaplaza.com.co\/wp-content\/uploads\/2024\/05\/1.jpg\",\"width\":1559,\"height\":681},{\"@type\":\"BreadcrumbList\",\"@id\":\"https:\/\/sabanaplaza.com.co\/index.php\/2024\/05\/01\/el-comercio-que-nunca-duerme\/#breadcrumb\",\"itemListElement\":[{\"@type\":\"ListItem\",\"position\":1,\"name\":\"Portada\",\"item\":\"https:\/\/sabanaplaza.com.co\/\"},{\"@type\":\"ListItem\",\"position\":2,\"name\":\"El Comercio que Nunca Duerme\"}]},{\"@type\":\"WebSite\",\"@id\":\"https:\/\/sabanaplaza.com.co\/#website\",\"url\":\"https:\/\/sabanaplaza.com.co\/\",\"name\":\"Sabana Plaza\",\"description\":\"Centro Comercial \",\"potentialAction\":[{\"@type\":\"SearchAction\",\"target\":{\"@type\":\"EntryPoint\",\"urlTemplate\":\"https:\/\/sabanaplaza.com.co\/?s={search_term_string}\"},\"query-input\":{\"@type\":\"PropertyValueSpecification\",\"valueRequired\":true,\"valueName\":\"search_term_string\"}}],\"inLanguage\":\"en-US\"},{\"@type\":\"Person\",\"@id\":\"https:\/\/sabanaplaza.com.co\/#\/schema\/person\/ea261bf604d2aa7533e9e84b1da69e9b\",\"name\":\"Mercadeo y Comunicaciones\",\"image\":{\"@type\":\"ImageObject\",\"inLanguage\":\"en-US\",\"@id\":\"https:\/\/sabanaplaza.com.co\/#\/schema\/person\/image\/\",\"url\":\"https:\/\/secure.gravatar.com\/avatar\/a29e49847a3876ec70fb70dd728d3f2e90eda9c17724e2154147acc75a658926?s=96&d=mm&r=g\",\"contentUrl\":\"https:\/\/secure.gravatar.com\/avatar\/a29e49847a3876ec70fb70dd728d3f2e90eda9c17724e2154147acc75a658926?s=96&d=mm&r=g\",\"caption\":\"Mercadeo y Comunicaciones\"},\"sameAs\":[\"https:\/\/sabanaplaza.com.co\"],\"url\":\"https:\/\/sabanaplaza.com.co\/index.php\/author\/gerencia\/\"}]}<\/script>\n<!-- \/ Yoast SEO Premium plugin. -->","yoast_head_json":{"title":"El Comercio que Nunca Duerme - Sabana Plaza","robots":{"index":"index","follow":"follow","max-snippet":"max-snippet:-1","max-image-preview":"max-image-preview:large","max-video-preview":"max-video-preview:-1"},"canonical":"https:\/\/sabanaplaza.com.co\/index.php\/2024\/05\/01\/el-comercio-que-nunca-duerme\/","og_locale":"en_US","og_type":"article","og_title":"El Comercio que Nunca Duerme","og_url":"https:\/\/sabanaplaza.com.co\/index.php\/2024\/05\/01\/el-comercio-que-nunca-duerme\/","og_site_name":"Sabana Plaza","article_published_time":"2024-05-01T19:41:03+00:00","article_modified_time":"2026-02-25T15:17:56+00:00","og_image":[{"width":1559,"height":681,"url":"https:\/\/sabanaplaza.com.co\/wp-content\/uploads\/2024\/05\/1.jpg","type":"image\/jpeg"}],"author":"Mercadeo y Comunicaciones","twitter_card":"summary_large_image","twitter_misc":{"Written by":"Mercadeo y Comunicaciones","Est. reading time":"3 minutes"},"schema":{"@context":"https:\/\/schema.org","@graph":[{"@type":"Article","@id":"https:\/\/sabanaplaza.com.co\/index.php\/2024\/05\/01\/el-comercio-que-nunca-duerme\/#article","isPartOf":{"@id":"https:\/\/sabanaplaza.com.co\/index.php\/2024\/05\/01\/el-comercio-que-nunca-duerme\/"},"author":{"name":"Mercadeo y Comunicaciones","@id":"https:\/\/sabanaplaza.com.co\/#\/schema\/person\/ea261bf604d2aa7533e9e84b1da69e9b"},"headline":"El Comercio que Nunca Duerme","datePublished":"2024-05-01T19:41:03+00:00","dateModified":"2026-02-25T15:17:56+00:00","mainEntityOfPage":{"@id":"https:\/\/sabanaplaza.com.co\/index.php\/2024\/05\/01\/el-comercio-que-nunca-duerme\/"},"wordCount":5,"commentCount":0,"image":{"@id":"https:\/\/sabanaplaza.com.co\/index.php\/2024\/05\/01\/el-comercio-que-nunca-duerme\/#primaryimage"},"thumbnailUrl":"https:\/\/sabanaplaza.com.co\/wp-content\/uploads\/2024\/05\/1.jpg","articleSection":["Blog"],"inLanguage":"en-US","potentialAction":[{"@type":"CommentAction","name":"Comment","target":["https:\/\/sabanaplaza.com.co\/index.php\/2024\/05\/01\/el-comercio-que-nunca-duerme\/#respond"]}]},{"@type":"WebPage","@id":"https:\/\/sabanaplaza.com.co\/index.php\/2024\/05\/01\/el-comercio-que-nunca-duerme\/","url":"https:\/\/sabanaplaza.com.co\/index.php\/2024\/05\/01\/el-comercio-que-nunca-duerme\/","name":"El Comercio que Nunca Duerme - Sabana Plaza","isPartOf":{"@id":"https:\/\/sabanaplaza.com.co\/#website"},"primaryImageOfPage":{"@id":"https:\/\/sabanaplaza.com.co\/index.php\/2024\/05\/01\/el-comercio-que-nunca-duerme\/#primaryimage"},"image":{"@id":"https:\/\/sabanaplaza.com.co\/index.php\/2024\/05\/01\/el-comercio-que-nunca-duerme\/#primaryimage"},"thumbnailUrl":"https:\/\/sabanaplaza.com.co\/wp-content\/uploads\/2024\/05\/1.jpg","datePublished":"2024-05-01T19:41:03+00:00","dateModified":"2026-02-25T15:17:56+00:00","author":{"@id":"https:\/\/sabanaplaza.com.co\/#\/schema\/person\/ea261bf604d2aa7533e9e84b1da69e9b"},"breadcrumb":{"@id":"https:\/\/sabanaplaza.com.co\/index.php\/2024\/05\/01\/el-comercio-que-nunca-duerme\/#breadcrumb"},"inLanguage":"en-US","potentialAction":[{"@type":"ReadAction","target":["https:\/\/sabanaplaza.com.co\/index.php\/2024\/05\/01\/el-comercio-que-nunca-duerme\/"]}]},{"@type":"ImageObject","inLanguage":"en-US","@id":"https:\/\/sabanaplaza.com.co\/index.php\/2024\/05\/01\/el-comercio-que-nunca-duerme\/#primaryimage","url":"https:\/\/sabanaplaza.com.co\/wp-content\/uploads\/2024\/05\/1.jpg","contentUrl":"https:\/\/sabanaplaza.com.co\/wp-content\/uploads\/2024\/05\/1.jpg","width":1559,"height":681},{"@type":"BreadcrumbList","@id":"https:\/\/sabanaplaza.com.co\/index.php\/2024\/05\/01\/el-comercio-que-nunca-duerme\/#breadcrumb","itemListElement":[{"@type":"ListItem","position":1,"name":"Portada","item":"https:\/\/sabanaplaza.com.co\/"},{"@type":"ListItem","position":2,"name":"El Comercio que Nunca Duerme"}]},{"@type":"WebSite","@id":"https:\/\/sabanaplaza.com.co\/#website","url":"https:\/\/sabanaplaza.com.co\/","name":"Sabana Plaza","description":"Centro Comercial ","potentialAction":[{"@type":"SearchAction","target":{"@type":"EntryPoint","urlTemplate":"https:\/\/sabanaplaza.com.co\/?s={search_term_string}"},"query-input":{"@type":"PropertyValueSpecification","valueRequired":true,"valueName":"search_term_string"}}],"inLanguage":"en-US"},{"@type":"Person","@id":"https:\/\/sabanaplaza.com.co\/#\/schema\/person\/ea261bf604d2aa7533e9e84b1da69e9b","name":"Mercadeo y Comunicaciones","image":{"@type":"ImageObject","inLanguage":"en-US","@id":"https:\/\/sabanaplaza.com.co\/#\/schema\/person\/image\/","url":"https:\/\/secure.gravatar.com\/avatar\/a29e49847a3876ec70fb70dd728d3f2e90eda9c17724e2154147acc75a658926?s=96&d=mm&r=g","contentUrl":"https:\/\/secure.gravatar.com\/avatar\/a29e49847a3876ec70fb70dd728d3f2e90eda9c17724e2154147acc75a658926?s=96&d=mm&r=g","caption":"Mercadeo y Comunicaciones"},"sameAs":["https:\/\/sabanaplaza.com.co"],"url":"https:\/\/sabanaplaza.com.co\/index.php\/author\/gerencia\/"}]}},"_links":{"self":[{"href":"https:\/\/sabanaplaza.com.co\/index.php\/wp-json\/wp\/v2\/posts\/1159","targetHints":{"allow":["GET"]}}],"collection":[{"href":"https:\/\/sabanaplaza.com.co\/index.php\/wp-json\/wp\/v2\/posts"}],"about":[{"href":"https:\/\/sabanaplaza.com.co\/index.php\/wp-json\/wp\/v2\/types\/post"}],"author":[{"embeddable":true,"href":"https:\/\/sabanaplaza.com.co\/index.php\/wp-json\/wp\/v2\/users\/1"}],"replies":[{"embeddable":true,"href":"https:\/\/sabanaplaza.com.co\/index.php\/wp-json\/wp\/v2\/comments?post=1159"}],"version-history":[{"count":7,"href":"https:\/\/sabanaplaza.com.co\/index.php\/wp-json\/wp\/v2\/posts\/1159\/revisions"}],"predecessor-version":[{"id":2239,"href":"https:\/\/sabanaplaza.com.co\/index.php\/wp-json\/wp\/v2\/posts\/1159\/revisions\/2239"}],"wp:featuredmedia":[{"embeddable":true,"href":"https:\/\/sabanaplaza.com.co\/index.php\/wp-json\/wp\/v2\/media\/1166"}],"wp:attachment":[{"href":"https:\/\/sabanaplaza.com.co\/index.php\/wp-json\/wp\/v2\/media?parent=1159"}],"wp:term":[{"taxonomy":"category","embeddable":true,"href":"https:\/\/sabanaplaza.com.co\/index.php\/wp-json\/wp\/v2\/categories?post=1159"},{"taxonomy":"post_tag","embeddable":true,"href":"https:\/\/sabanaplaza.com.co\/index.php\/wp-json\/wp\/v2\/tags?post=1159"}],"curies":[{"name":"wp","href":"https:\/\/api.w.org\/{rel}","templated":true}]}}