{"id":1204,"date":"2024-06-26T15:22:08","date_gmt":"2024-06-26T13:22:08","guid":{"rendered":"https:\/\/sabanaplaza.com.co\/?p=1204"},"modified":"2026-02-25T16:17:57","modified_gmt":"2026-02-25T15:17:57","slug":"unidos-por-el-comercio","status":"publish","type":"post","link":"https:\/\/sabanaplaza.com.co\/index.php\/2024\/06\/26\/unidos-por-el-comercio\/","title":{"rendered":"Unidos por el Comercio"},"content":{"rendered":"<div class=\"et_pb_section_0 et_pb_section et_section_regular et_block_section\"><div class=\"et_pb_row_0 et_pb_row et_block_row\"><div class=\"et_pb_column_0 et_pb_column et_pb_column_4_4 et-last-child et_block_column et_pb_css_mix_blend_mode_passthrough\"><div class=\"et_pb_text_0 et_pb_text et_pb_bg_layout_dark et_pb_module et_block_module preset--module--divi-text--12b88c4e-ab1b-44d3-8802-411502f6ec4b\"><div class=\"et_pb_text_inner\"><h1>La Estrategia de Sabana Plaza para Fortalecer la Comunidad<\/h1>\n<\/div><\/div><\/div><\/div><\/div><div class=\"et_pb_section_1 et_pb_section et_section_regular et_block_section\"><div class=\"et_pb_row_1 et_pb_row et_block_row\"><div class=\"et_pb_column_1 et_pb_column et_pb_column_2_5 et_block_column et_pb_css_mix_blend_mode_passthrough\"><div class=\"et_pb_image_0 et_pb_image et_pb_module et_block_module\"><span class=\"et_pb_image_wrap\"><img decoding=\"async\" src=\"https:\/\/sabanaplaza.com.co\/wp-content\/uploads\/2023\/12\/co-working-10b.png\" width=\"800\" height=\"642\" srcset=\"https:\/\/sabanaplaza.com.co\/wp-content\/uploads\/2023\/12\/co-working-10b.png 800w, https:\/\/sabanaplaza.com.co\/wp-content\/uploads\/2023\/12\/co-working-10b-480x385.png 480w\" sizes=\"(min-width: 0px) and (max-width: 480px) 480px, (min-width: 481px) 800px, 100vw\" class=\"wp-image-63\" title=\"DSC06568 (1)\" \/><\/span><\/div><\/div><div class=\"et_pb_column_2 et_pb_column et_pb_column_3_5 et-last-child et_block_column et_pb_css_mix_blend_mode_passthrough\"><div class=\"et_pb_number_counter_0 et_pb_number_counter et_pb_bg_layout_light et_pb_text_align_left et_pb_with_title et_pb_module et_block_module preset--module--divi-number-counter--8073ed2b-a643-444c-a2e8-e2881cd6d128\"><div class=\"percent\"><p><span class=\"percent-value\"><\/span><span class=\"percent-sign\"><\/span><\/p><\/div><h3 class=\"title\">Asistentes a los eventos<\/h3><\/div><\/div><\/div><\/div><div class=\"et_pb_section_2 et_pb_section et_section_regular et_block_section\"><div class=\"et_pb_row_2 et_pb_row et_block_row\"><div class=\"et_pb_column_3 et_pb_column et_pb_column_4_4 et-last-child et_block_column et_pb_css_mix_blend_mode_passthrough\"><div class=\"et_pb_text_1 et_pb_text et_pb_bg_layout_light et_pb_module et_block_module preset--module--divi-text--95294031-3ca9-45cd-8005-a3111f465020\"><div class=\"et_pb_text_inner\"><h3>Con el bajo crecimiento del comercio en Colombia, cada vez el nivel competitivo de los centros comerciales aumenta en niveles inmensurables. Por lo tanto, los centros comerciales deben encontrar formas innovadoras de atraer a los clientes y fomentar un sentido de comunidad.<\/h3>\n<\/div><\/div><\/div><\/div><\/div><div class=\"et_pb_section_3 et_pb_section et_section_regular et_block_section\"><div class=\"et_pb_row_3 et_pb_row et_block_row\"><div class=\"et_pb_column_4 et_pb_column et_pb_column_1_2 et_block_column et_pb_css_mix_blend_mode_passthrough\"><div class=\"et_pb_text_2 et_pb_text et_pb_bg_layout_light et_pb_module et_block_module preset--module--divi-text--82b4f219-6a86-4331-a8ca-1082321fb113\"><div class=\"et_pb_text_inner\"><p>En Sabana Plaza, hemos descubierto que los eventos estrat\u00e9gicamente planificados no solo aumentan el comercio, sino que tambi\u00e9n fortalecen los lazos comunitarios.<\/p>\n<p>Un claro ejemplo de esto son nuestros exitosos eventos del D\u00eda de la Madre y del D\u00eda del Padre de este a\u00f1o, que demostraron c\u00f3mo la combinaci\u00f3n de actividades atractivas y una planificaci\u00f3n estrat\u00e9gica puede transformar un centro comercial en un vibrante epicentro de comercio y comunidad.\u00a0<\/p>\n<\/div><\/div><\/div><div class=\"et_pb_column_5 et_pb_column et_pb_column_1_2 et-last-child et_block_column et_pb_css_mix_blend_mode_passthrough\"><div class=\"et_pb_image_1 et_pb_image et_pb_module et_block_module\"><span class=\"et_pb_image_wrap\"><img decoding=\"async\" src=\"https:\/\/sabanaplaza.com.co\/wp-content\/uploads\/2023\/12\/co-working-13b.png\" width=\"800\" height=\"688\" srcset=\"https:\/\/sabanaplaza.com.co\/wp-content\/uploads\/2023\/12\/co-working-13b.png 800w, https:\/\/sabanaplaza.com.co\/wp-content\/uploads\/2023\/12\/co-working-13b-480x413.png 480w\" sizes=\"(min-width: 0px) and (max-width: 480px) 480px, (min-width: 481px) 800px, 100vw\" class=\"wp-image-66\" title=\"DSC05811\" \/><\/span><\/div><\/div><\/div><\/div><div class=\"et_pb_section_4 et_pb_section et_section_regular et_block_section\"><div class=\"et_pb_row_4 et_pb_row et_block_row\"><div class=\"et_pb_column_6 et_pb_column et_pb_column_4_4 et-last-child et_block_column et_pb_css_mix_blend_mode_passthrough\"><div class=\"et_pb_text_3 et_pb_text et_pb_bg_layout_light et_pb_module et_block_module preset--module--divi-text--29ffd61d-a170-4292-b9dc-4be9138d4e19\"><div class=\"et_pb_text_inner\"><h2>D\u00eda de la madre: Generando comunidad con estilo<\/h2>\n<\/div><\/div><div class=\"et_pb_image_2 et_pb_image et_pb_module et_block_module\"><span class=\"et_pb_image_wrap\"><img decoding=\"async\" src=\"https:\/\/sabanaplaza.com.co\/wp-content\/uploads\/2024\/06\/DSC09601-scaled.jpg\" width=\"2560\" height=\"1094\" srcset=\"https:\/\/sabanaplaza.com.co\/wp-content\/uploads\/2024\/06\/DSC09601-scaled.jpg 2560w, https:\/\/sabanaplaza.com.co\/wp-content\/uploads\/2024\/06\/DSC09601-1280x547.jpg 1280w, https:\/\/sabanaplaza.com.co\/wp-content\/uploads\/2024\/06\/DSC09601-980x419.jpg 980w, https:\/\/sabanaplaza.com.co\/wp-content\/uploads\/2024\/06\/DSC09601-480x205.jpg 480w\" sizes=\"(min-width: 0px) and (max-width: 480px) 480px, (min-width: 481px) and (max-width: 980px) 980px, (min-width: 981px) and (max-width: 1280px) 1280px, (min-width: 1281px) 2560px, 100vw\" class=\"wp-image-1235\" title=\"DSC09601\" \/><\/span><\/div><div class=\"et_pb_text_4 et_pb_text et_pb_bg_layout_light et_pb_module et_block_module preset--module--divi-text--82b4f219-6a86-4331-a8ca-1082321fb113\"><div class=\"et_pb_text_inner\"><p>Para el D\u00eda de la Madre, Sabana Plaza se convirti\u00f3 en un lugar de celebraci\u00f3n y uni\u00f3n. La pauta y difusi\u00f3n del lanzamiento digital generaron una gran expectativa en la comunidad. La consolidaci\u00f3n de artistas de talla nacional atrajo a un p\u00fablico diverso, creando un ambiente festivo y lleno de energ\u00eda. Adem\u00e1s, involucramos productos de nuestros comerciantes a trav\u00e9s de una vitrina f\u00edsica que exhib\u00eda regalos ideales para las madres, incentivando las ventas y destacando la variedad y calidad de nuestras tiendas.<\/p>\n<\/div><\/div><\/div><\/div><div class=\"et_pb_row_5 et_pb_row et_block_row\"><div class=\"et_pb_column_7 et_pb_column et_pb_column_1_2 et_block_column et_pb_css_mix_blend_mode_passthrough\"><div class=\"et_pb_image_3 et_pb_image et_pb_module et_block_module\"><span class=\"et_pb_image_wrap\"><img decoding=\"async\" src=\"https:\/\/sabanaplaza.com.co\/wp-content\/uploads\/2023\/12\/co-working-13b.png\" width=\"800\" height=\"688\" srcset=\"https:\/\/sabanaplaza.com.co\/wp-content\/uploads\/2023\/12\/co-working-13b.png 800w, https:\/\/sabanaplaza.com.co\/wp-content\/uploads\/2023\/12\/co-working-13b-480x413.png 480w\" sizes=\"(min-width: 0px) and (max-width: 480px) 480px, (min-width: 481px) 800px, 100vw\" class=\"wp-image-66\" title=\"DSC09683\" \/><\/span><\/div><\/div><div class=\"et_pb_column_8 et_pb_column et_pb_column_1_2 et-last-child et_block_column et_pb_css_mix_blend_mode_passthrough\"><div class=\"et_pb_text_5 et_pb_text et_pb_bg_layout_light et_pb_module et_block_module preset--module--divi-text--82b4f219-6a86-4331-a8ca-1082321fb113\"><div class=\"et_pb_text_inner\"><p>El evento tambi\u00e9n fue el escenario perfecto para el lanzamiento de \"Emprendedores Sabanistas\", una iniciativa que da visibilidad a los nuevos talentos locales. La comunidad sabanista particip\u00f3 activamente, involucr\u00e1ndose en las actividades familiares que fomentaron la integraci\u00f3n y el sentido de pertenencia. La difusi\u00f3n digital y la participaci\u00f3n activa de los comerciantes en redes sociales aseguraron una amplia cobertura y un engagement significativo.<\/p>\n<\/div><\/div><\/div><\/div><\/div><div class=\"et_pb_section_5 et_pb_section et_section_regular et_block_section\"><div class=\"et_pb_row_6 et_pb_row et_block_row\"><div class=\"et_pb_column_9 et_pb_column et_pb_column_4_4 et-last-child et_block_column et_pb_css_mix_blend_mode_passthrough\"><div class=\"et_pb_text_6 et_pb_text et_pb_bg_layout_light et_pb_module et_block_module preset--module--divi-text--29ffd61d-a170-4292-b9dc-4be9138d4e19\"><div class=\"et_pb_text_inner\"><h2>D\u00eda del Padre: Integraci\u00f3n e involucramiento para la comunidad.<\/h2>\n<\/div><\/div><div class=\"et_pb_image_4 et_pb_image et_pb_module et_block_module\"><span class=\"et_pb_image_wrap\"><img decoding=\"async\" src=\"https:\/\/sabanaplaza.com.co\/wp-content\/uploads\/2024\/06\/DSC00632-scaled.jpg\" width=\"2560\" height=\"1931\" srcset=\"https:\/\/sabanaplaza.com.co\/wp-content\/uploads\/2024\/06\/DSC00632-scaled.jpg 2560w, https:\/\/sabanaplaza.com.co\/wp-content\/uploads\/2024\/06\/DSC00632-1280x966.jpg 1280w, https:\/\/sabanaplaza.com.co\/wp-content\/uploads\/2024\/06\/DSC00632-980x739.jpg 980w, https:\/\/sabanaplaza.com.co\/wp-content\/uploads\/2024\/06\/DSC00632-480x362.jpg 480w\" sizes=\"(min-width: 0px) and (max-width: 480px) 480px, (min-width: 481px) and (max-width: 980px) 980px, (min-width: 981px) and (max-width: 1280px) 1280px, (min-width: 1281px) 2560px, 100vw\" class=\"wp-image-1231\" title=\"DSC00632\" \/><\/span><\/div><div class=\"et_pb_text_7 et_pb_text et_pb_bg_layout_light et_pb_module et_block_module preset--module--divi-text--82b4f219-6a86-4331-a8ca-1082321fb113\"><div class=\"et_pb_text_inner\"><p>El D\u00eda del Padre en Sabana Plaza no fue menos espectacular. Para mantener a las familias comprometidas, organizamos una serie de juegos interactivos que retuvieron a los participantes por m\u00e1s de cuatro horas. Estas actividades no solo fueron divertidas, sino que tambi\u00e9n promovieron la interacci\u00f3n entre padres e hijos, creando momentos memorables.<\/p>\n<\/div><\/div><\/div><\/div><div class=\"et_pb_row_7 et_pb_row et_block_row\"><div class=\"et_pb_column_10 et_pb_column et_pb_column_1_2 et_block_column et_pb_css_mix_blend_mode_passthrough\"><div class=\"et_pb_image_5 et_pb_image et_pb_module et_block_module\"><span class=\"et_pb_image_wrap\"><img decoding=\"async\" src=\"https:\/\/sabanaplaza.com.co\/wp-content\/uploads\/2023\/12\/co-working-13b.png\" width=\"800\" height=\"688\" srcset=\"https:\/\/sabanaplaza.com.co\/wp-content\/uploads\/2023\/12\/co-working-13b.png 800w, https:\/\/sabanaplaza.com.co\/wp-content\/uploads\/2023\/12\/co-working-13b-480x413.png 480w\" sizes=\"(min-width: 0px) and (max-width: 480px) 480px, (min-width: 481px) 800px, 100vw\" class=\"wp-image-66\" title=\"DSC00698-2\" \/><\/span><\/div><\/div><div class=\"et_pb_column_11 et_pb_column et_pb_column_1_2 et-last-child et_block_column et_pb_css_mix_blend_mode_passthrough\"><div class=\"et_pb_text_8 et_pb_text et_pb_bg_layout_light et_pb_module et_block_module preset--module--divi-text--82b4f219-6a86-4331-a8ca-1082321fb113\"><div class=\"et_pb_text_inner\"><p>Artistas ubicados en diferentes zonas del centro comercial a\u00f1adieron un toque festivo y animaron el ambiente. Los comerciantes tambi\u00e9n se unieron, tanto en redes sociales como con productos especialmente seleccionados para el evento, demostrando el valor de la colaboraci\u00f3n entre todos los actores del centro comercial. La participaci\u00f3n activa de los emprendedores, tanto digital como f\u00edsicamente, a\u00f1adi\u00f3 una dimensi\u00f3n adicional de innovaci\u00f3n y dinamismo al evento.<\/p>\n<\/div><\/div><\/div><\/div><\/div><div class=\"et_pb_section_6 et_pb_section et_section_regular et_block_section\"><div class=\"et_pb_row_8 et_pb_row et_block_row\"><div class=\"et_pb_column_12 et_pb_column et_pb_column_4_4 et-last-child et_block_column et_pb_css_mix_blend_mode_passthrough\"><div class=\"et_pb_icon_0 et_pb_icon et_pb_module et_block_module\"><span class=\"et_pb_icon_wrap\"><span class=\"et-pb-icon\">{<\/span><\/span><\/div><div class=\"et_pb_slider_0 et_pb_slider et_pb_slider_fullwidth_off et_pb_module et_block_module preset--module--divi-slider--f1f38836-fe2e-495d-a0b7-66c3df9d4839\"><div class=\"et_pb_slides\"><div class=\"et_pb_slide_0 et_pb_slide et_pb_media_alignment_center et_pb_bg_layout_dark et_pb_text_align_center et_pb_module et_block_module\" data-slide-id=\"divi\/slide-0\"><div class=\"et_pb_container\"><div class=\"et_pb_slider_container_inner\"><div class=\"et_pb_slide_description\"><h4 class=\"et_pb_slide_title\">\u201cEste tipo de iniciativas son fundamentales para la activaci\u00f3n comercial y la integraci\u00f3n de las familias en el epicentro del comercio. Adem\u00e1s, es de gran utilidad para asegurar en fechas especiales el tr\u00e1fico comercial de la zona\u201d<\/h4><div class=\"et_pb_slide_content\"><p>Felipe Caicedo, integrante del equipo de Sabana Plaza, resume el impacto de estos eventos<\/p>\n<\/div><\/div><\/div><\/div><\/div><\/div><\/div><\/div><\/div><\/div><div class=\"et_pb_section_7 et_pb_section et_section_regular et_block_section\"><div class=\"et_pb_row_9 et_pb_row et_block_row\"><div class=\"et_pb_column_13 et_pb_column et_pb_column_1_2 et_block_column et_pb_css_mix_blend_mode_passthrough\"><div class=\"et_pb_text_9 et_pb_text et_pb_bg_layout_light et_pb_module et_block_module preset--module--divi-text--82b4f219-6a86-4331-a8ca-1082321fb113\"><div class=\"et_pb_text_inner\"><p>Los eventos en Sabana Plaza no solo aumentan las ventas, sino que tambi\u00e9n crean y fortalecen la comunidad. Al ofrecer actividades atractivas y entretenidas, no solo atraemos a m\u00e1s visitantes, sino que tambi\u00e9n fomentamos un sentido de pertenencia y uni\u00f3n entre los comerciantes y la comunidad local. Esto, a su vez, impulsa la econom\u00eda local y asegura un tr\u00e1fico constante y comprometido en el centro comercial.<\/p>\n<\/div><\/div><\/div><div class=\"et_pb_column_14 et_pb_column et_pb_column_1_2 et-last-child et_block_column et_pb_css_mix_blend_mode_passthrough\"><div class=\"et_pb_image_6 et_pb_image et_pb_module et_block_module\"><span class=\"et_pb_image_wrap\"><img decoding=\"async\" src=\"https:\/\/sabanaplaza.com.co\/wp-content\/uploads\/2023\/12\/co-working-13b.png\" width=\"800\" height=\"688\" srcset=\"https:\/\/sabanaplaza.com.co\/wp-content\/uploads\/2023\/12\/co-working-13b.png 800w, https:\/\/sabanaplaza.com.co\/wp-content\/uploads\/2023\/12\/co-working-13b-480x413.png 480w\" sizes=\"(min-width: 0px) and (max-width: 480px) 480px, (min-width: 481px) 800px, 100vw\" class=\"wp-image-66\" title=\"DSC06925-2\" \/><\/span><\/div><\/div><\/div><\/div><div class=\"et_pb_section_8 et_pb_section et_section_regular et_block_section\"><div class=\"et_pb_row_10 et_pb_row et_block_row\"><div class=\"et_pb_column_15 et_pb_column et_pb_column_1_2 et_block_column et_pb_css_mix_blend_mode_passthrough\"><div class=\"et_pb_text_10 et_pb_text et_pb_bg_layout_light et_pb_module et_block_module preset--module--divi-text--82b4f219-6a86-4331-a8ca-1082321fb113\"><div class=\"et_pb_text_inner\"><div class=\"flex flex-grow flex-col max-w-full\">\n<div data-message-author-role=\"assistant\" data-message-id=\"78ca3639-17fa-46fb-ba28-19afbd5ab363\" dir=\"auto\" class=\"min-h-[20px] text-message flex flex-col items-start whitespace-pre-wrap break-words [.text-message+&amp;]:mt-5 juice:w-full juice:items-end overflow-x-auto gap-2\">\n<div class=\"flex w-full flex-col gap-1 juice:empty:hidden juice:first:pt-[3px]\">\n<div class=\"markdown prose w-full break-words dark:prose-invert light\">\n<p>En resumen, los eventos en Sabana Plaza son una herramienta estrat\u00e9gica invaluable que beneficia tanto a los comerciantes como a la comunidad. Continuaremos organizando eventos que no solo celebren ocasiones especiales, sino que tambi\u00e9n fortalezcan los lazos comunitarios y promuevan un ambiente de colaboraci\u00f3n y crecimiento. \u00a1Te esperamos en nuestro pr\u00f3ximo evento sabanista!<\/p>\n<\/div>\n<\/div>\n<\/div>\n<\/div>\n<\/div><\/div><\/div><div class=\"et_pb_column_16 et_pb_column et_pb_column_1_2 et-last-child et_block_column et_pb_css_mix_blend_mode_passthrough\"><div class=\"et_pb_module et_pb_button_module_wrapper et_pb_button_0_wrapper\"><a class=\"et_pb_button_0 et_pb_button et_pb_bg_layout_dark et_animated et_pb_module et_block_module\" href=\"https:\/\/sabanaplaza.com.co\/index.php\/sabanistas\/\">Conocer m\u00e1s<\/a><\/div><\/div><\/div><\/div>","protected":false},"excerpt":{"rendered":"","protected":false},"author":1,"featured_media":1497,"comment_status":"open","ping_status":"open","sticky":false,"template":"","format":"standard","meta":{"footnotes":""},"categories":[1],"tags":[],"class_list":["post-1204","post","type-post","status-publish","format-standard","has-post-thumbnail","hentry","category-blog"],"yoast_head":"<!-- This site is optimized with the Yoast SEO Premium plugin v22.8 (Yoast SEO v27.0) - https:\/\/yoast.com\/product\/yoast-seo-premium-wordpress\/ -->\n<title>Unidos por el Comercio - Sabana Plaza<\/title>\n<meta name=\"description\" content=\"Con el bajo crecimiento del comercio en Colombia, cada vez el nivel competitivo de los centros comerciales aumenta en niveles inmensurables.\" \/>\n<meta name=\"robots\" content=\"index, follow, max-snippet:-1, max-image-preview:large, max-video-preview:-1\" \/>\n<link rel=\"canonical\" href=\"https:\/\/sabanaplaza.com.co\/index.php\/2024\/06\/26\/unidos-por-el-comercio\/\" \/>\n<meta property=\"og:locale\" content=\"en_US\" \/>\n<meta property=\"og:type\" content=\"article\" \/>\n<meta property=\"og:title\" content=\"Unidos por el Comercio\" \/>\n<meta property=\"og:description\" content=\"Con el bajo crecimiento del comercio en Colombia, cada vez el nivel competitivo de los centros comerciales aumenta en niveles inmensurables.\" \/>\n<meta property=\"og:url\" content=\"https:\/\/sabanaplaza.com.co\/index.php\/2024\/06\/26\/unidos-por-el-comercio\/\" \/>\n<meta property=\"og:site_name\" content=\"Sabana Plaza\" \/>\n<meta property=\"article:published_time\" content=\"2024-06-26T13:22:08+00:00\" \/>\n<meta property=\"article:modified_time\" content=\"2026-02-25T15:17:57+00:00\" \/>\n<meta property=\"og:image\" content=\"https:\/\/sabanaplaza.com.co\/wp-content\/uploads\/2024\/06\/Unidos-por-el-comercio.jpg\" \/>\n\t<meta property=\"og:image:width\" content=\"1800\" \/>\n\t<meta property=\"og:image:height\" content=\"786\" \/>\n\t<meta property=\"og:image:type\" content=\"image\/jpeg\" \/>\n<meta name=\"author\" content=\"Mercadeo y Comunicaciones\" \/>\n<meta name=\"twitter:card\" content=\"summary_large_image\" \/>\n<meta name=\"twitter:label1\" content=\"Written by\" \/>\n\t<meta name=\"twitter:data1\" content=\"Mercadeo y Comunicaciones\" \/>\n\t<meta name=\"twitter:label2\" content=\"Est. reading time\" \/>\n\t<meta name=\"twitter:data2\" content=\"5 minutes\" \/>\n<script type=\"application\/ld+json\" class=\"yoast-schema-graph\">{\"@context\":\"https:\/\/schema.org\",\"@graph\":[{\"@type\":\"Article\",\"@id\":\"https:\/\/sabanaplaza.com.co\/index.php\/2024\/06\/26\/unidos-por-el-comercio\/#article\",\"isPartOf\":{\"@id\":\"https:\/\/sabanaplaza.com.co\/index.php\/2024\/06\/26\/unidos-por-el-comercio\/\"},\"author\":{\"name\":\"Mercadeo y Comunicaciones\",\"@id\":\"https:\/\/sabanaplaza.com.co\/#\/schema\/person\/ea261bf604d2aa7533e9e84b1da69e9b\"},\"headline\":\"Unidos por el Comercio\",\"datePublished\":\"2024-06-26T13:22:08+00:00\",\"dateModified\":\"2026-02-25T15:17:57+00:00\",\"mainEntityOfPage\":{\"@id\":\"https:\/\/sabanaplaza.com.co\/index.php\/2024\/06\/26\/unidos-por-el-comercio\/\"},\"wordCount\":4,\"commentCount\":0,\"image\":{\"@id\":\"https:\/\/sabanaplaza.com.co\/index.php\/2024\/06\/26\/unidos-por-el-comercio\/#primaryimage\"},\"thumbnailUrl\":\"https:\/\/sabanaplaza.com.co\/wp-content\/uploads\/2024\/06\/Unidos-por-el-comercio.jpg\",\"articleSection\":[\"Blog\"],\"inLanguage\":\"en-US\",\"potentialAction\":[{\"@type\":\"CommentAction\",\"name\":\"Comment\",\"target\":[\"https:\/\/sabanaplaza.com.co\/index.php\/2024\/06\/26\/unidos-por-el-comercio\/#respond\"]}]},{\"@type\":\"WebPage\",\"@id\":\"https:\/\/sabanaplaza.com.co\/index.php\/2024\/06\/26\/unidos-por-el-comercio\/\",\"url\":\"https:\/\/sabanaplaza.com.co\/index.php\/2024\/06\/26\/unidos-por-el-comercio\/\",\"name\":\"Unidos por el Comercio - Sabana Plaza\",\"isPartOf\":{\"@id\":\"https:\/\/sabanaplaza.com.co\/#website\"},\"primaryImageOfPage\":{\"@id\":\"https:\/\/sabanaplaza.com.co\/index.php\/2024\/06\/26\/unidos-por-el-comercio\/#primaryimage\"},\"image\":{\"@id\":\"https:\/\/sabanaplaza.com.co\/index.php\/2024\/06\/26\/unidos-por-el-comercio\/#primaryimage\"},\"thumbnailUrl\":\"https:\/\/sabanaplaza.com.co\/wp-content\/uploads\/2024\/06\/Unidos-por-el-comercio.jpg\",\"datePublished\":\"2024-06-26T13:22:08+00:00\",\"dateModified\":\"2026-02-25T15:17:57+00:00\",\"author\":{\"@id\":\"https:\/\/sabanaplaza.com.co\/#\/schema\/person\/ea261bf604d2aa7533e9e84b1da69e9b\"},\"description\":\"Con el bajo crecimiento del comercio en Colombia, cada vez el nivel competitivo de los centros comerciales aumenta en niveles inmensurables.\",\"breadcrumb\":{\"@id\":\"https:\/\/sabanaplaza.com.co\/index.php\/2024\/06\/26\/unidos-por-el-comercio\/#breadcrumb\"},\"inLanguage\":\"en-US\",\"potentialAction\":[{\"@type\":\"ReadAction\",\"target\":[\"https:\/\/sabanaplaza.com.co\/index.php\/2024\/06\/26\/unidos-por-el-comercio\/\"]}]},{\"@type\":\"ImageObject\",\"inLanguage\":\"en-US\",\"@id\":\"https:\/\/sabanaplaza.com.co\/index.php\/2024\/06\/26\/unidos-por-el-comercio\/#primaryimage\",\"url\":\"https:\/\/sabanaplaza.com.co\/wp-content\/uploads\/2024\/06\/Unidos-por-el-comercio.jpg\",\"contentUrl\":\"https:\/\/sabanaplaza.com.co\/wp-content\/uploads\/2024\/06\/Unidos-por-el-comercio.jpg\",\"width\":1800,\"height\":786},{\"@type\":\"BreadcrumbList\",\"@id\":\"https:\/\/sabanaplaza.com.co\/index.php\/2024\/06\/26\/unidos-por-el-comercio\/#breadcrumb\",\"itemListElement\":[{\"@type\":\"ListItem\",\"position\":1,\"name\":\"Portada\",\"item\":\"https:\/\/sabanaplaza.com.co\/\"},{\"@type\":\"ListItem\",\"position\":2,\"name\":\"Unidos por el Comercio\"}]},{\"@type\":\"WebSite\",\"@id\":\"https:\/\/sabanaplaza.com.co\/#website\",\"url\":\"https:\/\/sabanaplaza.com.co\/\",\"name\":\"Sabana Plaza\",\"description\":\"Centro Comercial \",\"potentialAction\":[{\"@type\":\"SearchAction\",\"target\":{\"@type\":\"EntryPoint\",\"urlTemplate\":\"https:\/\/sabanaplaza.com.co\/?s={search_term_string}\"},\"query-input\":{\"@type\":\"PropertyValueSpecification\",\"valueRequired\":true,\"valueName\":\"search_term_string\"}}],\"inLanguage\":\"en-US\"},{\"@type\":\"Person\",\"@id\":\"https:\/\/sabanaplaza.com.co\/#\/schema\/person\/ea261bf604d2aa7533e9e84b1da69e9b\",\"name\":\"Mercadeo y Comunicaciones\",\"image\":{\"@type\":\"ImageObject\",\"inLanguage\":\"en-US\",\"@id\":\"https:\/\/sabanaplaza.com.co\/#\/schema\/person\/image\/\",\"url\":\"https:\/\/secure.gravatar.com\/avatar\/a29e49847a3876ec70fb70dd728d3f2e90eda9c17724e2154147acc75a658926?s=96&d=mm&r=g\",\"contentUrl\":\"https:\/\/secure.gravatar.com\/avatar\/a29e49847a3876ec70fb70dd728d3f2e90eda9c17724e2154147acc75a658926?s=96&d=mm&r=g\",\"caption\":\"Mercadeo y Comunicaciones\"},\"sameAs\":[\"https:\/\/sabanaplaza.com.co\"],\"url\":\"https:\/\/sabanaplaza.com.co\/index.php\/author\/gerencia\/\"}]}<\/script>\n<!-- \/ Yoast SEO Premium plugin. -->","yoast_head_json":{"title":"Unidos por el Comercio - Sabana Plaza","description":"Con el bajo crecimiento del comercio en Colombia, cada vez el nivel competitivo de los centros comerciales aumenta en niveles inmensurables.","robots":{"index":"index","follow":"follow","max-snippet":"max-snippet:-1","max-image-preview":"max-image-preview:large","max-video-preview":"max-video-preview:-1"},"canonical":"https:\/\/sabanaplaza.com.co\/index.php\/2024\/06\/26\/unidos-por-el-comercio\/","og_locale":"en_US","og_type":"article","og_title":"Unidos por el Comercio","og_description":"Con el bajo crecimiento del comercio en Colombia, cada vez el nivel competitivo de los centros comerciales aumenta en niveles inmensurables.","og_url":"https:\/\/sabanaplaza.com.co\/index.php\/2024\/06\/26\/unidos-por-el-comercio\/","og_site_name":"Sabana Plaza","article_published_time":"2024-06-26T13:22:08+00:00","article_modified_time":"2026-02-25T15:17:57+00:00","og_image":[{"width":1800,"height":786,"url":"https:\/\/sabanaplaza.com.co\/wp-content\/uploads\/2024\/06\/Unidos-por-el-comercio.jpg","type":"image\/jpeg"}],"author":"Mercadeo y Comunicaciones","twitter_card":"summary_large_image","twitter_misc":{"Written by":"Mercadeo y Comunicaciones","Est. reading time":"5 minutes"},"schema":{"@context":"https:\/\/schema.org","@graph":[{"@type":"Article","@id":"https:\/\/sabanaplaza.com.co\/index.php\/2024\/06\/26\/unidos-por-el-comercio\/#article","isPartOf":{"@id":"https:\/\/sabanaplaza.com.co\/index.php\/2024\/06\/26\/unidos-por-el-comercio\/"},"author":{"name":"Mercadeo y Comunicaciones","@id":"https:\/\/sabanaplaza.com.co\/#\/schema\/person\/ea261bf604d2aa7533e9e84b1da69e9b"},"headline":"Unidos por el Comercio","datePublished":"2024-06-26T13:22:08+00:00","dateModified":"2026-02-25T15:17:57+00:00","mainEntityOfPage":{"@id":"https:\/\/sabanaplaza.com.co\/index.php\/2024\/06\/26\/unidos-por-el-comercio\/"},"wordCount":4,"commentCount":0,"image":{"@id":"https:\/\/sabanaplaza.com.co\/index.php\/2024\/06\/26\/unidos-por-el-comercio\/#primaryimage"},"thumbnailUrl":"https:\/\/sabanaplaza.com.co\/wp-content\/uploads\/2024\/06\/Unidos-por-el-comercio.jpg","articleSection":["Blog"],"inLanguage":"en-US","potentialAction":[{"@type":"CommentAction","name":"Comment","target":["https:\/\/sabanaplaza.com.co\/index.php\/2024\/06\/26\/unidos-por-el-comercio\/#respond"]}]},{"@type":"WebPage","@id":"https:\/\/sabanaplaza.com.co\/index.php\/2024\/06\/26\/unidos-por-el-comercio\/","url":"https:\/\/sabanaplaza.com.co\/index.php\/2024\/06\/26\/unidos-por-el-comercio\/","name":"Unidos por el Comercio - Sabana Plaza","isPartOf":{"@id":"https:\/\/sabanaplaza.com.co\/#website"},"primaryImageOfPage":{"@id":"https:\/\/sabanaplaza.com.co\/index.php\/2024\/06\/26\/unidos-por-el-comercio\/#primaryimage"},"image":{"@id":"https:\/\/sabanaplaza.com.co\/index.php\/2024\/06\/26\/unidos-por-el-comercio\/#primaryimage"},"thumbnailUrl":"https:\/\/sabanaplaza.com.co\/wp-content\/uploads\/2024\/06\/Unidos-por-el-comercio.jpg","datePublished":"2024-06-26T13:22:08+00:00","dateModified":"2026-02-25T15:17:57+00:00","author":{"@id":"https:\/\/sabanaplaza.com.co\/#\/schema\/person\/ea261bf604d2aa7533e9e84b1da69e9b"},"description":"Con el bajo crecimiento del comercio en Colombia, cada vez el nivel competitivo de los centros comerciales aumenta en niveles inmensurables.","breadcrumb":{"@id":"https:\/\/sabanaplaza.com.co\/index.php\/2024\/06\/26\/unidos-por-el-comercio\/#breadcrumb"},"inLanguage":"en-US","potentialAction":[{"@type":"ReadAction","target":["https:\/\/sabanaplaza.com.co\/index.php\/2024\/06\/26\/unidos-por-el-comercio\/"]}]},{"@type":"ImageObject","inLanguage":"en-US","@id":"https:\/\/sabanaplaza.com.co\/index.php\/2024\/06\/26\/unidos-por-el-comercio\/#primaryimage","url":"https:\/\/sabanaplaza.com.co\/wp-content\/uploads\/2024\/06\/Unidos-por-el-comercio.jpg","contentUrl":"https:\/\/sabanaplaza.com.co\/wp-content\/uploads\/2024\/06\/Unidos-por-el-comercio.jpg","width":1800,"height":786},{"@type":"BreadcrumbList","@id":"https:\/\/sabanaplaza.com.co\/index.php\/2024\/06\/26\/unidos-por-el-comercio\/#breadcrumb","itemListElement":[{"@type":"ListItem","position":1,"name":"Portada","item":"https:\/\/sabanaplaza.com.co\/"},{"@type":"ListItem","position":2,"name":"Unidos por el Comercio"}]},{"@type":"WebSite","@id":"https:\/\/sabanaplaza.com.co\/#website","url":"https:\/\/sabanaplaza.com.co\/","name":"Sabana Plaza","description":"Centro Comercial ","potentialAction":[{"@type":"SearchAction","target":{"@type":"EntryPoint","urlTemplate":"https:\/\/sabanaplaza.com.co\/?s={search_term_string}"},"query-input":{"@type":"PropertyValueSpecification","valueRequired":true,"valueName":"search_term_string"}}],"inLanguage":"en-US"},{"@type":"Person","@id":"https:\/\/sabanaplaza.com.co\/#\/schema\/person\/ea261bf604d2aa7533e9e84b1da69e9b","name":"Mercadeo y Comunicaciones","image":{"@type":"ImageObject","inLanguage":"en-US","@id":"https:\/\/sabanaplaza.com.co\/#\/schema\/person\/image\/","url":"https:\/\/secure.gravatar.com\/avatar\/a29e49847a3876ec70fb70dd728d3f2e90eda9c17724e2154147acc75a658926?s=96&d=mm&r=g","contentUrl":"https:\/\/secure.gravatar.com\/avatar\/a29e49847a3876ec70fb70dd728d3f2e90eda9c17724e2154147acc75a658926?s=96&d=mm&r=g","caption":"Mercadeo y Comunicaciones"},"sameAs":["https:\/\/sabanaplaza.com.co"],"url":"https:\/\/sabanaplaza.com.co\/index.php\/author\/gerencia\/"}]}},"_links":{"self":[{"href":"https:\/\/sabanaplaza.com.co\/index.php\/wp-json\/wp\/v2\/posts\/1204","targetHints":{"allow":["GET"]}}],"collection":[{"href":"https:\/\/sabanaplaza.com.co\/index.php\/wp-json\/wp\/v2\/posts"}],"about":[{"href":"https:\/\/sabanaplaza.com.co\/index.php\/wp-json\/wp\/v2\/types\/post"}],"author":[{"embeddable":true,"href":"https:\/\/sabanaplaza.com.co\/index.php\/wp-json\/wp\/v2\/users\/1"}],"replies":[{"embeddable":true,"href":"https:\/\/sabanaplaza.com.co\/index.php\/wp-json\/wp\/v2\/comments?post=1204"}],"version-history":[{"count":8,"href":"https:\/\/sabanaplaza.com.co\/index.php\/wp-json\/wp\/v2\/posts\/1204\/revisions"}],"predecessor-version":[{"id":2241,"href":"https:\/\/sabanaplaza.com.co\/index.php\/wp-json\/wp\/v2\/posts\/1204\/revisions\/2241"}],"wp:featuredmedia":[{"embeddable":true,"href":"https:\/\/sabanaplaza.com.co\/index.php\/wp-json\/wp\/v2\/media\/1497"}],"wp:attachment":[{"href":"https:\/\/sabanaplaza.com.co\/index.php\/wp-json\/wp\/v2\/media?parent=1204"}],"wp:term":[{"taxonomy":"category","embeddable":true,"href":"https:\/\/sabanaplaza.com.co\/index.php\/wp-json\/wp\/v2\/categories?post=1204"},{"taxonomy":"post_tag","embeddable":true,"href":"https:\/\/sabanaplaza.com.co\/index.php\/wp-json\/wp\/v2\/tags?post=1204"}],"curies":[{"name":"wp","href":"https:\/\/api.w.org\/{rel}","templated":true}]}}