{"id":1743,"date":"2025-04-09T19:55:56","date_gmt":"2025-04-09T17:55:56","guid":{"rendered":"https:\/\/sabanaplaza.com.co\/?p=1743"},"modified":"2026-02-25T16:18:02","modified_gmt":"2026-02-25T15:18:02","slug":"spartak-emprendimiento-pasion-y-fabricacion-nacional-en-la-industria-del-calzado-colombiano","status":"publish","type":"post","link":"https:\/\/sabanaplaza.com.co\/index.php\/2025\/04\/09\/spartak-emprendimiento-pasion-y-fabricacion-nacional-en-la-industria-del-calzado-colombiano\/","title":{"rendered":"Spartak: Emprendimiento, pasi\u00f3n y fabricaci\u00f3n nacional en la industria del calzado colombiano"},"content":{"rendered":"<div class=\"et_pb_section_0 et_pb_section et_section_regular et_block_section\"><div class=\"et_pb_row_0 et_pb_row et_block_row\"><div class=\"et_pb_column_0 et_pb_column et_pb_column_4_4 et-last-child et_block_column et_pb_css_mix_blend_mode_passthrough\"><div class=\"et_pb_text_0 et_pb_text et_pb_bg_layout_light et_pb_module et_block_module preset--module--divi-text--29ffd61d-a170-4292-b9dc-4be9138d4e19\"><div class=\"et_pb_text_inner\"><h2><b><span style=\"font-weight: 400;\">La industria del calzado en Colombia ha sido una de las m\u00e1s representativas del emprendimiento nacional.<\/span><\/b><\/h2>\n<\/div><\/div><div class=\"et_pb_text_1 et_pb_text et_pb_bg_layout_light et_pb_module et_block_module preset--module--divi-text--95294031-3ca9-45cd-8005-a3111f465020\"><div class=\"et_pb_text_inner\"><p style=\"text-align: justify;\"><span style=\"color: #000000;\"><span style=\"font-weight: 400;\">Iniciando con peque\u00f1os talleres familiares y creciendo a tal punto de obtener f\u00e1bricas consolidadas, <strong>este sector ha demostrado ser una fuente clave de empleo y desarrollo econ\u00f3mico para cientos de comunidades.<\/strong> En medio de este panorama, <strong>surge Spartak en nuestro centro comercial<\/strong>, como una marca que ha logrado destacarse por su enfoque, su crecimiento sostenido y su compromiso con la calidad.<\/span><\/span><span style=\"font-weight: 400;\"><\/span><\/p>\n<p style=\"text-align: justify;\"><span style=\"color: #000000;\"><span style=\"font-weight: 400;\"><\/span><\/span><\/p>\n<\/div><\/div><\/div><\/div><\/div><div class=\"et_pb_section_1 et_pb_section et_section_regular et_block_section\"><div class=\"et_pb_row_1 et_pb_row et_block_row\"><div class=\"et_pb_column_1 et_pb_column et_pb_column_4_4 et-last-child et_block_column et_pb_css_mix_blend_mode_passthrough\"><div class=\"et_pb_text_2 et_pb_text et_pb_bg_layout_light et_pb_module et_block_module preset--module--divi-text--29ffd61d-a170-4292-b9dc-4be9138d4e19\"><div class=\"et_pb_text_inner\"><h2><b><span style=\"font-weight: 400;\">Edwan Dur\u00e1n, fundador de Spartak, inici\u00f3 su recorrido en 2018.<\/span><\/b><\/h2>\n<\/div><\/div><\/div><\/div><div class=\"et_pb_row_2 et_pb_row et_block_row\"><div class=\"et_pb_column_2 et_pb_column et_pb_column_1_2 et_block_column et_pb_css_mix_blend_mode_passthrough\"><div class=\"et_pb_text_3 et_pb_text et_pb_bg_layout_light et_pb_module et_block_module preset--module--divi-text--82b4f219-6a86-4331-a8ca-1082321fb113\"><div class=\"et_pb_text_inner\"><p style=\"text-align: justify;\"><span style=\"font-weight: 400;\">Lo que comenz\u00f3 como un peque\u00f1o emprendimiento impulsado por pasi\u00f3n, <strong>se transform\u00f3 con el tiempo en una empresa con presencia f\u00edsica y una red de distribuci\u00f3n mayorista en crecimiento.<\/strong><\/span><em><strong><\/strong><strong><\/strong><\/em><span style=\"font-weight: 400;\"><\/span><span style=\"font-weight: 400;\"><\/span><\/p>\n<p style=\"text-align: justify;\"><span style=\"font-weight: 400;\"><i>\u201cComenzamos en Sabana Plaza, que fue el lugar perfecto para arrancar. Pasamos de vender en l\u00ednea a tener un punto f\u00edsico y una producci\u00f3n m\u00e1s estructurada\u201d, <strong>comenta Edwan Dur\u00e1n.<\/strong><\/i><\/span><\/p>\n<\/div><\/div><\/div><div class=\"et_pb_column_3 et_pb_column et_pb_column_1_2 et-last-child et_block_column et_pb_css_mix_blend_mode_passthrough\"><div class=\"et_pb_video_0 et_pb_video et_pb_module et_block_module\"><div class=\"et_pb_video_box\"><iframe title=\"Spartak: Emprendimiento, pasi\u00f3n y fabricaci\u00f3n nacional en la industria del calzado colombiano\" width=\"1080\" height=\"608\" src=\"https:\/\/www.youtube.com\/embed\/OR0gCL4pLIo?feature=oembed\"  allow=\"accelerometer; autoplay; clipboard-write; encrypted-media; gyroscope; picture-in-picture; web-share\" referrerpolicy=\"strict-origin-when-cross-origin\" allowfullscreen><\/iframe><\/div><\/div><\/div><\/div><\/div><div class=\"et_pb_section_2 et_pb_section et_section_regular et_block_section\"><div class=\"et_pb_row_3 et_pb_row et_block_row\"><div class=\"et_pb_column_4 et_pb_column et_pb_column_4_4 et-last-child et_block_column et_pb_css_mix_blend_mode_passthrough\"><div class=\"et_pb_text_4 et_pb_text et_pb_bg_layout_light et_pb_module et_block_module preset--module--divi-text--29ffd61d-a170-4292-b9dc-4be9138d4e19\"><div class=\"et_pb_text_inner\"><h2><b><span style=\"font-weight: 400;\">La historia de Spartak no est\u00e1 exenta de dificultades...<\/span><\/b><\/h2>\n<\/div><\/div><\/div><\/div><div class=\"et_pb_row_4 et_pb_row et_block_row\"><div class=\"et_pb_column_5 et_pb_column et_pb_column_1_2 et_block_column et_pb_css_mix_blend_mode_passthrough\"><div class=\"et_pb_image_0 et_pb_image et_pb_module et_block_module\"><span class=\"et_pb_image_wrap\"><img decoding=\"async\" src=\"https:\/\/sabanaplaza.com.co\/wp-content\/uploads\/2023\/12\/co-working-13b.png\" width=\"800\" height=\"688\" srcset=\"https:\/\/sabanaplaza.com.co\/wp-content\/uploads\/2023\/12\/co-working-13b.png 800w, https:\/\/sabanaplaza.com.co\/wp-content\/uploads\/2023\/12\/co-working-13b-480x413.png 480w\" sizes=\"(min-width: 0px) and (max-width: 480px) 480px, (min-width: 481px) 800px, 100vw\" class=\"wp-image-66\" title=\"IMG_3778\" \/><\/span><\/div><\/div><div class=\"et_pb_column_6 et_pb_column et_pb_column_1_2 et-last-child et_block_column et_pb_css_mix_blend_mode_passthrough\"><div class=\"et_pb_text_5 et_pb_text et_pb_bg_layout_light et_pb_module et_block_module preset--module--divi-text--82b4f219-6a86-4331-a8ca-1082321fb113\"><div class=\"et_pb_text_inner\"><p><span style=\"font-weight: 400;\">El primer local cerr\u00f3 por problemas financieros, una experiencia que Edwan describe como una etapa de aprendizaje clave. <\/span><\/p>\n<p><span style=\"font-weight: 400;\">Luego lleg\u00f3 la pandemia, que detuvo gran parte de la actividad econ\u00f3mica del pa\u00eds. <strong>Sin embargo, la marca supo resistir y adaptarse, fortaleciendo su presencia digital y afinando su propuesta de valor. <\/strong><\/span><i><span style=\"font-weight: 400;\">\u201cA pesar de los tropiezos, seguimos porque esto es lo que me apasiona. Ese es el secreto: hacer lo que te gusta.\u201d<\/span><\/i><span style=\"font-weight: 400;\"><\/span><\/p>\n<\/div><\/div><\/div><\/div><\/div><div class=\"et_pb_section_3 et_pb_section et_section_regular et_block_section\"><div class=\"et_pb_row_5 et_pb_row et_block_row\"><div class=\"et_pb_column_7 et_pb_column et_pb_column_4_4 et-last-child et_block_column et_pb_css_mix_blend_mode_passthrough\"><div class=\"et_pb_text_6 et_pb_text et_pb_bg_layout_light et_pb_module et_block_module preset--module--divi-text--82b4f219-6a86-4331-a8ca-1082321fb113\"><div class=\"et_pb_text_inner\"><p style=\"text-align: justify;\"><span style=\"font-weight: 400;\">Hoy en d\u00eda, Spartak se destaca no solo por sus dise\u00f1os modernos, sino por el cuidado en los acabados, la durabilidad de sus productos y la atenci\u00f3n personalizada que brindan en su punto de venta. <strong>\u201c<i>Nos enfocamos mucho en los detalles del calzado y en ofrecer una buena experiencia al cliente. Eso es lo que nos diferencia.\u201d<\/i><\/strong><\/span><\/p>\n<\/div><\/div><div class=\"et_pb_text_7 et_pb_text et_pb_bg_layout_light et_pb_module et_block_module preset--module--divi-text--29ffd61d-a170-4292-b9dc-4be9138d4e19\"><div class=\"et_pb_text_inner\"><h2><b><span style=\"font-weight: 400;\">Adem\u00e1s del crecimiento propio, Spartak tambi\u00e9n ha generado un impacto positivo en la econom\u00eda local.\u00a0<\/span><\/b><\/h2>\n<\/div><\/div><div class=\"et_pb_text_8 et_pb_text et_pb_bg_layout_light et_pb_module et_block_module preset--module--divi-text--82b4f219-6a86-4331-a8ca-1082321fb113\"><div class=\"et_pb_text_inner\"><p style=\"text-align: justify;\"><span style=\"font-weight: 400;\">Seg\u00fan Edwan, <strong>su empresa beneficia indirectamente a m\u00e1s de 20 familias involucradas en la cadena de producci\u00f3n,<\/strong> desde la fabricaci\u00f3n de suelas hasta el trabajo de proveedores de insumos. <strong>\u201c<i>Estamos convencidos de que fabricar localmente aporta al desarrollo del pa\u00eds. Comprar y producir en Colombia es una forma de fortalecer nuestra econom\u00eda.\u201d<\/i><\/strong><\/span><\/p>\n<\/div><\/div><\/div><\/div><div class=\"et_pb_row_6 et_pb_row et_block_row\"><div class=\"et_pb_column_8 et_pb_column et_pb_column_1_2 et_block_column et_pb_css_mix_blend_mode_passthrough\"><div class=\"et_pb_image_1 et_pb_image et_pb_module et_block_module\"><span class=\"et_pb_image_wrap\"><img decoding=\"async\" src=\"https:\/\/sabanaplaza.com.co\/wp-content\/uploads\/2023\/12\/co-working-13b.png\" width=\"800\" height=\"688\" srcset=\"https:\/\/sabanaplaza.com.co\/wp-content\/uploads\/2023\/12\/co-working-13b.png 800w, https:\/\/sabanaplaza.com.co\/wp-content\/uploads\/2023\/12\/co-working-13b-480x413.png 480w\" sizes=\"(min-width: 0px) and (max-width: 480px) 480px, (min-width: 481px) 800px, 100vw\" class=\"wp-image-66\" title=\"IMG_3732\" \/><\/span><\/div><\/div><div class=\"et_pb_column_9 et_pb_column et_pb_column_1_2 et-last-child et_block_column et_pb_css_mix_blend_mode_passthrough\"><div class=\"et_pb_text_9 et_pb_text et_pb_bg_layout_light et_pb_module et_block_module preset--module--divi-text--29ffd61d-a170-4292-b9dc-4be9138d4e19\"><div class=\"et_pb_text_inner\"><h2><b><span style=\"font-weight: 400;\">Seg\u00fan el medio de comunicaci\u00f3n El Colombiano<\/span><i><span style=\"font-weight: 400;\">,<\/span><\/i><\/b><\/h2>\n<\/div><\/div><div class=\"et_pb_text_10 et_pb_text et_pb_bg_layout_light et_pb_module et_block_module preset--module--divi-text--82b4f219-6a86-4331-a8ca-1082321fb113\"><div class=\"et_pb_text_inner\"><p><i><span style=\"font-weight: 400;\">\u201cEl sector del calzado y la marroquiner\u00eda en Colombia genera aproximadamente 125.000 empleos, incluyendo tanto empleos directos como indirectos\u201d.<\/span><\/i><\/p>\n<p><i><span style=\"font-weight: 400;\"><\/span><\/i><\/p>\n<p style=\"text-align: justify;\">\n<\/div><\/div><\/div><\/div><div class=\"et_pb_row_7 et_pb_row et_block_row\"><div class=\"et_pb_column_10 et_pb_column et_pb_column_4_4 et-last-child et_block_column et_pb_css_mix_blend_mode_passthrough\"><div class=\"et_pb_text_11 et_pb_text et_pb_bg_layout_light et_pb_module et_block_module preset--module--divi-text--82b4f219-6a86-4331-a8ca-1082321fb113\"><div class=\"et_pb_text_inner\"><p style=\"text-align: justify;\"><strong><span style=\"font-weight: 400;\">A trav\u00e9s de las redes sociales, <strong>la marca ha logrado captar clientes de ciudades como Medell\u00edn, Cali y Cartagena, demostrando que con una buena estrategia digital,<\/strong> la fabricaci\u00f3n nacional puede alcanzar mercados cada vez m\u00e1s amplios.<\/span><\/strong><\/p>\n<p><span style=\"font-weight: 400;\">En un pa\u00eds donde el emprendimiento es motor de desarrollo, la historia de Spartak representa el esp\u00edritu resiliente de muchos colombianos: <strong>convertir una pasi\u00f3n en un proyecto real, superar las adversidades y aportar al crecimiento colectivo.<\/strong> La industria del calzado, con su tradici\u00f3n y su potencial de innovaci\u00f3n, sigue siendo una puerta abierta para quienes se atreven a dar el primer paso.<\/span><\/p>\n<\/div><\/div><\/div><\/div><\/div>","protected":false},"excerpt":{"rendered":"","protected":false},"author":1,"featured_media":1752,"comment_status":"open","ping_status":"open","sticky":false,"template":"","format":"standard","meta":{"footnotes":""},"categories":[1],"tags":[],"class_list":["post-1743","post","type-post","status-publish","format-standard","has-post-thumbnail","hentry","category-blog"],"yoast_head":"<!-- This site is optimized with the Yoast SEO Premium plugin v22.8 (Yoast SEO v27.0) - https:\/\/yoast.com\/product\/yoast-seo-premium-wordpress\/ -->\n<title>Spartak: Emprendimiento, pasi\u00f3n y fabricaci\u00f3n nacional en la industria del calzado colombiano - Sabana Plaza<\/title>\n<meta name=\"robots\" content=\"index, follow, max-snippet:-1, max-image-preview:large, max-video-preview:-1\" \/>\n<link rel=\"canonical\" href=\"https:\/\/sabanaplaza.com.co\/index.php\/2025\/04\/09\/spartak-emprendimiento-pasion-y-fabricacion-nacional-en-la-industria-del-calzado-colombiano\/\" \/>\n<meta property=\"og:locale\" content=\"en_US\" \/>\n<meta property=\"og:type\" content=\"article\" \/>\n<meta property=\"og:title\" content=\"Spartak: Emprendimiento, pasi\u00f3n y fabricaci\u00f3n nacional en la industria del calzado colombiano\" \/>\n<meta property=\"og:url\" content=\"https:\/\/sabanaplaza.com.co\/index.php\/2025\/04\/09\/spartak-emprendimiento-pasion-y-fabricacion-nacional-en-la-industria-del-calzado-colombiano\/\" \/>\n<meta property=\"og:site_name\" content=\"Sabana Plaza\" \/>\n<meta property=\"article:published_time\" content=\"2025-04-09T17:55:56+00:00\" \/>\n<meta property=\"article:modified_time\" content=\"2026-02-25T15:18:02+00:00\" \/>\n<meta property=\"og:image\" content=\"https:\/\/sabanaplaza.com.co\/wp-content\/uploads\/2025\/04\/IMG_4361.jpg\" \/>\n\t<meta property=\"og:image:width\" content=\"2220\" \/>\n\t<meta property=\"og:image:height\" content=\"1248\" \/>\n\t<meta property=\"og:image:type\" content=\"image\/jpeg\" \/>\n<meta name=\"author\" content=\"Mercadeo y Comunicaciones\" \/>\n<meta name=\"twitter:card\" content=\"summary_large_image\" \/>\n<meta name=\"twitter:label1\" content=\"Written by\" \/>\n\t<meta name=\"twitter:data1\" content=\"Mercadeo y Comunicaciones\" \/>\n\t<meta name=\"twitter:label2\" content=\"Est. reading time\" \/>\n\t<meta name=\"twitter:data2\" content=\"3 minutes\" \/>\n<script type=\"application\/ld+json\" class=\"yoast-schema-graph\">{\"@context\":\"https:\/\/schema.org\",\"@graph\":[{\"@type\":\"Article\",\"@id\":\"https:\/\/sabanaplaza.com.co\/index.php\/2025\/04\/09\/spartak-emprendimiento-pasion-y-fabricacion-nacional-en-la-industria-del-calzado-colombiano\/#article\",\"isPartOf\":{\"@id\":\"https:\/\/sabanaplaza.com.co\/index.php\/2025\/04\/09\/spartak-emprendimiento-pasion-y-fabricacion-nacional-en-la-industria-del-calzado-colombiano\/\"},\"author\":{\"name\":\"Mercadeo y Comunicaciones\",\"@id\":\"https:\/\/sabanaplaza.com.co\/#\/schema\/person\/ea261bf604d2aa7533e9e84b1da69e9b\"},\"headline\":\"Spartak: Emprendimiento, pasi\u00f3n y fabricaci\u00f3n nacional en la industria del calzado colombiano\",\"datePublished\":\"2025-04-09T17:55:56+00:00\",\"dateModified\":\"2026-02-25T15:18:02+00:00\",\"mainEntityOfPage\":{\"@id\":\"https:\/\/sabanaplaza.com.co\/index.php\/2025\/04\/09\/spartak-emprendimiento-pasion-y-fabricacion-nacional-en-la-industria-del-calzado-colombiano\/\"},\"wordCount\":14,\"commentCount\":0,\"image\":{\"@id\":\"https:\/\/sabanaplaza.com.co\/index.php\/2025\/04\/09\/spartak-emprendimiento-pasion-y-fabricacion-nacional-en-la-industria-del-calzado-colombiano\/#primaryimage\"},\"thumbnailUrl\":\"https:\/\/sabanaplaza.com.co\/wp-content\/uploads\/2025\/04\/IMG_4361.jpg\",\"articleSection\":[\"Blog\"],\"inLanguage\":\"en-US\",\"potentialAction\":[{\"@type\":\"CommentAction\",\"name\":\"Comment\",\"target\":[\"https:\/\/sabanaplaza.com.co\/index.php\/2025\/04\/09\/spartak-emprendimiento-pasion-y-fabricacion-nacional-en-la-industria-del-calzado-colombiano\/#respond\"]}]},{\"@type\":\"WebPage\",\"@id\":\"https:\/\/sabanaplaza.com.co\/index.php\/2025\/04\/09\/spartak-emprendimiento-pasion-y-fabricacion-nacional-en-la-industria-del-calzado-colombiano\/\",\"url\":\"https:\/\/sabanaplaza.com.co\/index.php\/2025\/04\/09\/spartak-emprendimiento-pasion-y-fabricacion-nacional-en-la-industria-del-calzado-colombiano\/\",\"name\":\"Spartak: Emprendimiento, pasi\u00f3n y fabricaci\u00f3n nacional en la industria del calzado colombiano - Sabana Plaza\",\"isPartOf\":{\"@id\":\"https:\/\/sabanaplaza.com.co\/#website\"},\"primaryImageOfPage\":{\"@id\":\"https:\/\/sabanaplaza.com.co\/index.php\/2025\/04\/09\/spartak-emprendimiento-pasion-y-fabricacion-nacional-en-la-industria-del-calzado-colombiano\/#primaryimage\"},\"image\":{\"@id\":\"https:\/\/sabanaplaza.com.co\/index.php\/2025\/04\/09\/spartak-emprendimiento-pasion-y-fabricacion-nacional-en-la-industria-del-calzado-colombiano\/#primaryimage\"},\"thumbnailUrl\":\"https:\/\/sabanaplaza.com.co\/wp-content\/uploads\/2025\/04\/IMG_4361.jpg\",\"datePublished\":\"2025-04-09T17:55:56+00:00\",\"dateModified\":\"2026-02-25T15:18:02+00:00\",\"author\":{\"@id\":\"https:\/\/sabanaplaza.com.co\/#\/schema\/person\/ea261bf604d2aa7533e9e84b1da69e9b\"},\"breadcrumb\":{\"@id\":\"https:\/\/sabanaplaza.com.co\/index.php\/2025\/04\/09\/spartak-emprendimiento-pasion-y-fabricacion-nacional-en-la-industria-del-calzado-colombiano\/#breadcrumb\"},\"inLanguage\":\"en-US\",\"potentialAction\":[{\"@type\":\"ReadAction\",\"target\":[\"https:\/\/sabanaplaza.com.co\/index.php\/2025\/04\/09\/spartak-emprendimiento-pasion-y-fabricacion-nacional-en-la-industria-del-calzado-colombiano\/\"]}]},{\"@type\":\"ImageObject\",\"inLanguage\":\"en-US\",\"@id\":\"https:\/\/sabanaplaza.com.co\/index.php\/2025\/04\/09\/spartak-emprendimiento-pasion-y-fabricacion-nacional-en-la-industria-del-calzado-colombiano\/#primaryimage\",\"url\":\"https:\/\/sabanaplaza.com.co\/wp-content\/uploads\/2025\/04\/IMG_4361.jpg\",\"contentUrl\":\"https:\/\/sabanaplaza.com.co\/wp-content\/uploads\/2025\/04\/IMG_4361.jpg\",\"width\":2220,\"height\":1248},{\"@type\":\"BreadcrumbList\",\"@id\":\"https:\/\/sabanaplaza.com.co\/index.php\/2025\/04\/09\/spartak-emprendimiento-pasion-y-fabricacion-nacional-en-la-industria-del-calzado-colombiano\/#breadcrumb\",\"itemListElement\":[{\"@type\":\"ListItem\",\"position\":1,\"name\":\"Portada\",\"item\":\"https:\/\/sabanaplaza.com.co\/\"},{\"@type\":\"ListItem\",\"position\":2,\"name\":\"Spartak: Emprendimiento, pasi\u00f3n y fabricaci\u00f3n nacional en la industria del calzado colombiano\"}]},{\"@type\":\"WebSite\",\"@id\":\"https:\/\/sabanaplaza.com.co\/#website\",\"url\":\"https:\/\/sabanaplaza.com.co\/\",\"name\":\"Sabana Plaza\",\"description\":\"Centro Comercial \",\"potentialAction\":[{\"@type\":\"SearchAction\",\"target\":{\"@type\":\"EntryPoint\",\"urlTemplate\":\"https:\/\/sabanaplaza.com.co\/?s={search_term_string}\"},\"query-input\":{\"@type\":\"PropertyValueSpecification\",\"valueRequired\":true,\"valueName\":\"search_term_string\"}}],\"inLanguage\":\"en-US\"},{\"@type\":\"Person\",\"@id\":\"https:\/\/sabanaplaza.com.co\/#\/schema\/person\/ea261bf604d2aa7533e9e84b1da69e9b\",\"name\":\"Mercadeo y Comunicaciones\",\"image\":{\"@type\":\"ImageObject\",\"inLanguage\":\"en-US\",\"@id\":\"https:\/\/sabanaplaza.com.co\/#\/schema\/person\/image\/\",\"url\":\"https:\/\/secure.gravatar.com\/avatar\/a29e49847a3876ec70fb70dd728d3f2e90eda9c17724e2154147acc75a658926?s=96&d=mm&r=g\",\"contentUrl\":\"https:\/\/secure.gravatar.com\/avatar\/a29e49847a3876ec70fb70dd728d3f2e90eda9c17724e2154147acc75a658926?s=96&d=mm&r=g\",\"caption\":\"Mercadeo y Comunicaciones\"},\"sameAs\":[\"https:\/\/sabanaplaza.com.co\"],\"url\":\"https:\/\/sabanaplaza.com.co\/index.php\/author\/gerencia\/\"}]}<\/script>\n<!-- \/ Yoast SEO Premium plugin. -->","yoast_head_json":{"title":"Spartak: Emprendimiento, pasi\u00f3n y fabricaci\u00f3n nacional en la industria del calzado colombiano - Sabana Plaza","robots":{"index":"index","follow":"follow","max-snippet":"max-snippet:-1","max-image-preview":"max-image-preview:large","max-video-preview":"max-video-preview:-1"},"canonical":"https:\/\/sabanaplaza.com.co\/index.php\/2025\/04\/09\/spartak-emprendimiento-pasion-y-fabricacion-nacional-en-la-industria-del-calzado-colombiano\/","og_locale":"en_US","og_type":"article","og_title":"Spartak: Emprendimiento, pasi\u00f3n y fabricaci\u00f3n nacional en la industria del calzado colombiano","og_url":"https:\/\/sabanaplaza.com.co\/index.php\/2025\/04\/09\/spartak-emprendimiento-pasion-y-fabricacion-nacional-en-la-industria-del-calzado-colombiano\/","og_site_name":"Sabana Plaza","article_published_time":"2025-04-09T17:55:56+00:00","article_modified_time":"2026-02-25T15:18:02+00:00","og_image":[{"width":2220,"height":1248,"url":"https:\/\/sabanaplaza.com.co\/wp-content\/uploads\/2025\/04\/IMG_4361.jpg","type":"image\/jpeg"}],"author":"Mercadeo y Comunicaciones","twitter_card":"summary_large_image","twitter_misc":{"Written by":"Mercadeo y Comunicaciones","Est. reading time":"3 minutes"},"schema":{"@context":"https:\/\/schema.org","@graph":[{"@type":"Article","@id":"https:\/\/sabanaplaza.com.co\/index.php\/2025\/04\/09\/spartak-emprendimiento-pasion-y-fabricacion-nacional-en-la-industria-del-calzado-colombiano\/#article","isPartOf":{"@id":"https:\/\/sabanaplaza.com.co\/index.php\/2025\/04\/09\/spartak-emprendimiento-pasion-y-fabricacion-nacional-en-la-industria-del-calzado-colombiano\/"},"author":{"name":"Mercadeo y Comunicaciones","@id":"https:\/\/sabanaplaza.com.co\/#\/schema\/person\/ea261bf604d2aa7533e9e84b1da69e9b"},"headline":"Spartak: Emprendimiento, pasi\u00f3n y fabricaci\u00f3n nacional en la industria del calzado colombiano","datePublished":"2025-04-09T17:55:56+00:00","dateModified":"2026-02-25T15:18:02+00:00","mainEntityOfPage":{"@id":"https:\/\/sabanaplaza.com.co\/index.php\/2025\/04\/09\/spartak-emprendimiento-pasion-y-fabricacion-nacional-en-la-industria-del-calzado-colombiano\/"},"wordCount":14,"commentCount":0,"image":{"@id":"https:\/\/sabanaplaza.com.co\/index.php\/2025\/04\/09\/spartak-emprendimiento-pasion-y-fabricacion-nacional-en-la-industria-del-calzado-colombiano\/#primaryimage"},"thumbnailUrl":"https:\/\/sabanaplaza.com.co\/wp-content\/uploads\/2025\/04\/IMG_4361.jpg","articleSection":["Blog"],"inLanguage":"en-US","potentialAction":[{"@type":"CommentAction","name":"Comment","target":["https:\/\/sabanaplaza.com.co\/index.php\/2025\/04\/09\/spartak-emprendimiento-pasion-y-fabricacion-nacional-en-la-industria-del-calzado-colombiano\/#respond"]}]},{"@type":"WebPage","@id":"https:\/\/sabanaplaza.com.co\/index.php\/2025\/04\/09\/spartak-emprendimiento-pasion-y-fabricacion-nacional-en-la-industria-del-calzado-colombiano\/","url":"https:\/\/sabanaplaza.com.co\/index.php\/2025\/04\/09\/spartak-emprendimiento-pasion-y-fabricacion-nacional-en-la-industria-del-calzado-colombiano\/","name":"Spartak: Emprendimiento, pasi\u00f3n y fabricaci\u00f3n nacional en la industria del calzado colombiano - Sabana Plaza","isPartOf":{"@id":"https:\/\/sabanaplaza.com.co\/#website"},"primaryImageOfPage":{"@id":"https:\/\/sabanaplaza.com.co\/index.php\/2025\/04\/09\/spartak-emprendimiento-pasion-y-fabricacion-nacional-en-la-industria-del-calzado-colombiano\/#primaryimage"},"image":{"@id":"https:\/\/sabanaplaza.com.co\/index.php\/2025\/04\/09\/spartak-emprendimiento-pasion-y-fabricacion-nacional-en-la-industria-del-calzado-colombiano\/#primaryimage"},"thumbnailUrl":"https:\/\/sabanaplaza.com.co\/wp-content\/uploads\/2025\/04\/IMG_4361.jpg","datePublished":"2025-04-09T17:55:56+00:00","dateModified":"2026-02-25T15:18:02+00:00","author":{"@id":"https:\/\/sabanaplaza.com.co\/#\/schema\/person\/ea261bf604d2aa7533e9e84b1da69e9b"},"breadcrumb":{"@id":"https:\/\/sabanaplaza.com.co\/index.php\/2025\/04\/09\/spartak-emprendimiento-pasion-y-fabricacion-nacional-en-la-industria-del-calzado-colombiano\/#breadcrumb"},"inLanguage":"en-US","potentialAction":[{"@type":"ReadAction","target":["https:\/\/sabanaplaza.com.co\/index.php\/2025\/04\/09\/spartak-emprendimiento-pasion-y-fabricacion-nacional-en-la-industria-del-calzado-colombiano\/"]}]},{"@type":"ImageObject","inLanguage":"en-US","@id":"https:\/\/sabanaplaza.com.co\/index.php\/2025\/04\/09\/spartak-emprendimiento-pasion-y-fabricacion-nacional-en-la-industria-del-calzado-colombiano\/#primaryimage","url":"https:\/\/sabanaplaza.com.co\/wp-content\/uploads\/2025\/04\/IMG_4361.jpg","contentUrl":"https:\/\/sabanaplaza.com.co\/wp-content\/uploads\/2025\/04\/IMG_4361.jpg","width":2220,"height":1248},{"@type":"BreadcrumbList","@id":"https:\/\/sabanaplaza.com.co\/index.php\/2025\/04\/09\/spartak-emprendimiento-pasion-y-fabricacion-nacional-en-la-industria-del-calzado-colombiano\/#breadcrumb","itemListElement":[{"@type":"ListItem","position":1,"name":"Portada","item":"https:\/\/sabanaplaza.com.co\/"},{"@type":"ListItem","position":2,"name":"Spartak: Emprendimiento, pasi\u00f3n y fabricaci\u00f3n nacional en la industria del calzado colombiano"}]},{"@type":"WebSite","@id":"https:\/\/sabanaplaza.com.co\/#website","url":"https:\/\/sabanaplaza.com.co\/","name":"Sabana Plaza","description":"Centro Comercial ","potentialAction":[{"@type":"SearchAction","target":{"@type":"EntryPoint","urlTemplate":"https:\/\/sabanaplaza.com.co\/?s={search_term_string}"},"query-input":{"@type":"PropertyValueSpecification","valueRequired":true,"valueName":"search_term_string"}}],"inLanguage":"en-US"},{"@type":"Person","@id":"https:\/\/sabanaplaza.com.co\/#\/schema\/person\/ea261bf604d2aa7533e9e84b1da69e9b","name":"Mercadeo y Comunicaciones","image":{"@type":"ImageObject","inLanguage":"en-US","@id":"https:\/\/sabanaplaza.com.co\/#\/schema\/person\/image\/","url":"https:\/\/secure.gravatar.com\/avatar\/a29e49847a3876ec70fb70dd728d3f2e90eda9c17724e2154147acc75a658926?s=96&d=mm&r=g","contentUrl":"https:\/\/secure.gravatar.com\/avatar\/a29e49847a3876ec70fb70dd728d3f2e90eda9c17724e2154147acc75a658926?s=96&d=mm&r=g","caption":"Mercadeo y Comunicaciones"},"sameAs":["https:\/\/sabanaplaza.com.co"],"url":"https:\/\/sabanaplaza.com.co\/index.php\/author\/gerencia\/"}]}},"_links":{"self":[{"href":"https:\/\/sabanaplaza.com.co\/index.php\/wp-json\/wp\/v2\/posts\/1743","targetHints":{"allow":["GET"]}}],"collection":[{"href":"https:\/\/sabanaplaza.com.co\/index.php\/wp-json\/wp\/v2\/posts"}],"about":[{"href":"https:\/\/sabanaplaza.com.co\/index.php\/wp-json\/wp\/v2\/types\/post"}],"author":[{"embeddable":true,"href":"https:\/\/sabanaplaza.com.co\/index.php\/wp-json\/wp\/v2\/users\/1"}],"replies":[{"embeddable":true,"href":"https:\/\/sabanaplaza.com.co\/index.php\/wp-json\/wp\/v2\/comments?post=1743"}],"version-history":[{"count":6,"href":"https:\/\/sabanaplaza.com.co\/index.php\/wp-json\/wp\/v2\/posts\/1743\/revisions"}],"predecessor-version":[{"id":2248,"href":"https:\/\/sabanaplaza.com.co\/index.php\/wp-json\/wp\/v2\/posts\/1743\/revisions\/2248"}],"wp:featuredmedia":[{"embeddable":true,"href":"https:\/\/sabanaplaza.com.co\/index.php\/wp-json\/wp\/v2\/media\/1752"}],"wp:attachment":[{"href":"https:\/\/sabanaplaza.com.co\/index.php\/wp-json\/wp\/v2\/media?parent=1743"}],"wp:term":[{"taxonomy":"category","embeddable":true,"href":"https:\/\/sabanaplaza.com.co\/index.php\/wp-json\/wp\/v2\/categories?post=1743"},{"taxonomy":"post_tag","embeddable":true,"href":"https:\/\/sabanaplaza.com.co\/index.php\/wp-json\/wp\/v2\/tags?post=1743"}],"curies":[{"name":"wp","href":"https:\/\/api.w.org\/{rel}","templated":true}]}}