{"id":2085,"date":"2025-10-06T19:41:20","date_gmt":"2025-10-06T17:41:20","guid":{"rendered":"https:\/\/sabanaplaza.com.co\/?p=2085"},"modified":"2026-02-25T16:18:05","modified_gmt":"2026-02-25T15:18:05","slug":"tendencias-de-moda-para-cerrar-el-2025","status":"publish","type":"post","link":"https:\/\/sabanaplaza.com.co\/index.php\/2025\/10\/06\/tendencias-de-moda-para-cerrar-el-2025\/","title":{"rendered":"Tendencias de Moda para cerrar el 2025"},"content":{"rendered":"<div class=\"et_pb_section_0 et_pb_section et_section_regular et_block_section\"><div class=\"et_pb_row_0 et_pb_row et_block_row\"><div class=\"et_pb_column_0 et_pb_column et_pb_column_4_4 et-last-child et_block_column et_pb_css_mix_blend_mode_passthrough\"><div class=\"et_pb_text_0 et_pb_text et_pb_bg_layout_light et_pb_module et_block_module et_pb_text_align_center preset--module--divi-text--9a1d4c7d-ac37-4448-8924-0051354f13dc\"><div class=\"et_pb_text_inner\"><h3><span><span style=\"font-weight: 400;\">Las tendencias de moda no solo se encuentran en las grandes pasarelas internacionales; tambi\u00e9n se viven en los espacios que visitamos a diario.<\/span><\/span><\/h3>\n<\/div><\/div><\/div><\/div><\/div><div class=\"et_pb_section_1 et_pb_section et_section_regular et_block_section\"><div class=\"et_pb_row_1 et_pb_row et_block_row\"><div class=\"et_pb_column_1 et_pb_column et_pb_column_3_5 et_block_column et_pb_css_mix_blend_mode_passthrough\"><div class=\"et_pb_text_1 et_pb_text et_pb_bg_layout_light et_pb_module et_block_module preset--module--divi-text--c28e4140-1d00-437f-97e2-437c8791c679\"><div class=\"et_pb_text_inner\"><p style=\"text-align: justify;\"><span style=\"color: #000000;\"><span style=\"font-weight: 400;\">Nuestro centro comercial <b>Sabana Plaza<\/b>, se ha consolidado en la zona marcando tendencias que combinan elegancia, comodidad y el sello de marcas nacionales.<\/span><\/span><\/p>\n<p style=\"text-align: justify;\"><span style=\"color: #000000;\"><span style=\"font-weight: 400;\">En cada temporada, nos convertimos en un referente para quienes buscan nuevas formas de expresar su estilo. <\/span><\/span><span style=\"color: #000000;\"><span style=\"font-weight: 400;\"><\/span><\/span><\/p>\n<\/div><\/div><\/div><div class=\"et_pb_column_2 et_pb_column et_pb_column_2_5 et-last-child et_block_column et_pb_css_mix_blend_mode_passthrough\"><div class=\"et_pb_image_0 et_pb_image et_pb_module et_block_module\"><span class=\"et_pb_image_wrap\"><img decoding=\"async\" src=\"https:\/\/sabanaplaza.com.co\/wp-content\/uploads\/2024\/03\/Mask-02.png\" width=\"1420\" height=\"1080\" srcset=\"https:\/\/sabanaplaza.com.co\/wp-content\/uploads\/2024\/03\/Mask-02.png 1420w, https:\/\/sabanaplaza.com.co\/wp-content\/uploads\/2024\/03\/Mask-02-1280x974.png 1280w, https:\/\/sabanaplaza.com.co\/wp-content\/uploads\/2024\/03\/Mask-02-980x745.png 980w, https:\/\/sabanaplaza.com.co\/wp-content\/uploads\/2024\/03\/Mask-02-480x365.png 480w\" sizes=\"(min-width: 0px) and (max-width: 480px) 480px, (min-width: 481px) and (max-width: 980px) 980px, (min-width: 981px) and (max-width: 1280px) 1280px, (min-width: 1281px) 1420px, 100vw\" class=\"wp-image-1081\" title=\"IMG_1151_jpg\" \/><\/span><\/div><div class=\"et_pb_icon_0 et_pb_icon et_pb_module et_block_module\"><span class=\"et_pb_icon_wrap\"><span class=\"et-pb-icon\">\uf069<\/span><\/span><\/div><div class=\"et_pb_icon_1 et_pb_icon et_pb_module et_block_module\"><span class=\"et_pb_icon_wrap\"><span class=\"et-pb-icon\">\uf666<\/span><\/span><\/div><\/div><\/div><div class=\"et_pb_row_2 et_pb_row et_block_row\"><div class=\"et_pb_column_3 et_pb_column et_pb_column_4_4 et-last-child et_block_column et_pb_css_mix_blend_mode_passthrough\"><div class=\"et_pb_text_2 et_pb_text et_pb_bg_layout_light et_pb_module et_block_module et_pb_text_align_center preset--module--divi-text--9a1d4c7d-ac37-4448-8924-0051354f13dc\"><div class=\"et_pb_text_inner\"><h3><span><span style=\"font-weight: 400;\"><b>Para las mujeres, el Animal Print, que nunca pasa de moda<\/b><\/span><\/span><\/h3>\n<\/div><\/div><\/div><\/div><\/div><div class=\"et_pb_section_2 et_pb_section et_section_regular et_block_section\"><div class=\"et_pb_row_3 et_pb_row et_block_row\"><div class=\"et_pb_column_4 et_pb_column et_pb_column_1_2 et_block_column et_pb_css_mix_blend_mode_passthrough\"><div class=\"et_pb_image_1 et_pb_image et_pb_module et_block_module\"><span class=\"et_pb_image_wrap\"><img decoding=\"async\" src=\"https:\/\/sabanaplaza.com.co\/wp-content\/uploads\/2025\/10\/IMG_1148_jpg-scaled.jpg\" width=\"1920\" height=\"2560\" srcset=\"https:\/\/sabanaplaza.com.co\/wp-content\/uploads\/2025\/10\/IMG_1148_jpg-scaled.jpg 1920w, https:\/\/sabanaplaza.com.co\/wp-content\/uploads\/2025\/10\/IMG_1148_jpg-1280x1707.jpg 1280w, https:\/\/sabanaplaza.com.co\/wp-content\/uploads\/2025\/10\/IMG_1148_jpg-980x1307.jpg 980w, https:\/\/sabanaplaza.com.co\/wp-content\/uploads\/2025\/10\/IMG_1148_jpg-480x640.jpg 480w\" sizes=\"(min-width: 0px) and (max-width: 480px) 480px, (min-width: 481px) and (max-width: 980px) 980px, (min-width: 981px) and (max-width: 1280px) 1280px, (min-width: 1281px) 1920px, 100vw\" class=\"wp-image-2095\" title=\"IMG_1148_jpg\" \/><\/span><\/div><\/div><div class=\"et_pb_column_5 et_pb_column et_pb_column_1_2 et-last-child et_block_column et_pb_css_mix_blend_mode_passthrough\"><div class=\"et_pb_text_3 et_pb_text et_pb_bg_layout_light et_pb_module et_block_module preset--module--divi-text--c28e4140-1d00-437f-97e2-437c8791c679\"><div class=\"et_pb_text_inner\"><p style=\"text-align: justify;\"><span style=\"font-weight: 400; color: #000000;\">El animal print ha demostrado ser atemporal y un cl\u00e1sico que todas aman, por su versatilidad y creatividad. Aqu\u00ed, las marcas lo presentan en propuestas femeninas por su capacidad de adaptarse tanto al d\u00eda a d\u00eda como a ocasiones especiales.\u00a0<\/span><\/p>\n<p style=\"text-align: justify;\"><span style=\"color: #000000;\"><span style=\"font-weight: 400;\">Esta tendencia habla de mujeres seguras, que buscan proyectar poder y autenticidad a trav\u00e9s de la moda. Una de las marcas que representa esa esencia es <\/span><b>Divine Shop<\/b><span style=\"font-weight: 400;\">, que con sus prendas realza la fuerza y seguridad de la mujer moderna.\u00a0<\/span><span style=\"font-weight: 400;\"><\/span><\/span><\/p>\n<p style=\"text-align: justify;\"><span style=\"font-weight: 400; color: #000000;\"><\/span><\/p>\n<p style=\"text-align: justify;\"><span style=\"font-weight: 400; color: #000000;\">El animal print siempre ha sido s\u00edmbolo de empoderamiento, feminidad y sofisticaci\u00f3n; una prenda pensada para mujeres que no temen destacar, que transforman lo cotidiano y que hacen de cada look una declaraci\u00f3n de estilo.<\/span><\/p>\n<\/div><\/div><\/div><\/div><div class=\"et_pb_row_4 et_pb_row et_block_row\"><div class=\"et_pb_column_6 et_pb_column et_pb_column_4_4 et-last-child et_block_column et_pb_css_mix_blend_mode_passthrough\"><div class=\"et_pb_text_4 et_pb_text et_pb_bg_layout_light et_pb_module et_block_module preset--module--divi-text--c28e4140-1d00-437f-97e2-437c8791c679\"><div class=\"et_pb_text_inner\"><p style=\"text-align: center;\"><span style=\"font-weight: 400; color: #000000;\"><span style=\"font-weight: 400;\">Con <\/span><b>Divine Shop<\/b><span style=\"font-weight: 400;\">, cada pieza est\u00e1 pensada para resaltar la esencia femenina: fuerte, aut\u00e9ntica y seductora. Este top es un recordatorio de que la moda es poder y que cada mujer lleva dentro su propia versi\u00f3n de lo divino, como dice su marca. Se encuentra en el local 041, por la entrada 9.<\/span><\/span><\/p>\n<\/div><\/div><div class=\"et_pb_text_5 et_pb_text et_pb_bg_layout_light et_pb_module et_block_module et_pb_text_align_center preset--module--divi-text--9a1d4c7d-ac37-4448-8924-0051354f13dc\"><div class=\"et_pb_text_inner\"><h3><span><span style=\"font-weight: 400;\"><b>Otra tendencia son lo Marrones, el color c\u00e1lido que destaca<\/b><\/span><\/span><\/h3>\n<\/div><\/div><div class=\"et_pb_text_6 et_pb_text et_pb_bg_layout_light et_pb_module et_block_module preset--module--divi-text--c28e4140-1d00-437f-97e2-437c8791c679\"><div class=\"et_pb_text_inner\"><p style=\"text-align: center;\"><span style=\"font-weight: 400; color: #000000;\"><span style=\"font-weight: 400;\">En contraste con la fuerza del animal print, los tonos marrones llegan para brindar equilibrio y naturalidad. Inspirados en la tierra y en los matices c\u00e1lidos de la naturaleza. <\/span><\/span><\/p>\n<p style=\"text-align: center;\"><span style=\"font-weight: 400; color: #000000;\"><span style=\"font-weight: 400;\">En sus distintas gamas que van desde el beige arena hasta el chocolate intenso, se consolidan como una paleta esencial en la temporada sabanista.<\/span><\/span><\/p>\n<\/div><\/div><\/div><\/div><div class=\"et_pb_row_5 et_pb_row et_block_row\"><div class=\"et_pb_column_7 et_pb_column et_pb_column_1_2 et_block_column et_pb_css_mix_blend_mode_passthrough\"><div class=\"et_pb_image_2 et_pb_image et_pb_module et_block_module\"><span class=\"et_pb_image_wrap\"><img decoding=\"async\" src=\"https:\/\/sabanaplaza.com.co\/wp-content\/uploads\/2025\/10\/IMG_1158_jpg-scaled.jpg\" width=\"1920\" height=\"2560\" srcset=\"https:\/\/sabanaplaza.com.co\/wp-content\/uploads\/2025\/10\/IMG_1158_jpg-scaled.jpg 1920w, https:\/\/sabanaplaza.com.co\/wp-content\/uploads\/2025\/10\/IMG_1158_jpg-1280x1707.jpg 1280w, https:\/\/sabanaplaza.com.co\/wp-content\/uploads\/2025\/10\/IMG_1158_jpg-980x1307.jpg 980w, https:\/\/sabanaplaza.com.co\/wp-content\/uploads\/2025\/10\/IMG_1158_jpg-480x640.jpg 480w\" sizes=\"(min-width: 0px) and (max-width: 480px) 480px, (min-width: 481px) and (max-width: 980px) 980px, (min-width: 981px) and (max-width: 1280px) 1280px, (min-width: 1281px) 1920px, 100vw\" class=\"wp-image-2092\" title=\"IMG_1158_jpg\" \/><\/span><\/div><\/div><div class=\"et_pb_column_8 et_pb_column et_pb_column_1_2 et-last-child et_block_column et_pb_css_mix_blend_mode_passthrough\"><div class=\"et_pb_text_7 et_pb_text et_pb_bg_layout_light et_pb_module et_block_module preset--module--divi-text--c28e4140-1d00-437f-97e2-437c8791c679\"><div class=\"et_pb_text_inner\"><p style=\"text-align: center;\"><span style=\"font-weight: 400; color: #000000;\"><span style=\"font-weight: 400;\">Color perfecto para combinar el poder del cuero en un marr\u00f3n con la suavidad de una falda voluminosa en tono chocolate, creando un contraste que realza la figura femenina, complement\u00e1ndolo con prendas delicadas como cors\u00e9s en encaje blancos para aportar elegancia.\u00a0<\/span><\/span><\/p>\n<\/div><\/div><div class=\"et_pb_text_8 et_pb_text et_pb_bg_layout_light et_pb_module et_block_module et_pb_text_align_center preset--module--divi-text--9a1d4c7d-ac37-4448-8924-0051354f13dc\"><div class=\"et_pb_text_inner\"><h3><span><span style=\"font-weight: 400;\"><b>Estos complementos son posibles gracias a marcas como EBBE y Moda Bella<\/b><\/span><\/span><b><\/b><\/h3>\n<\/div><\/div><\/div><\/div><div class=\"et_pb_row_6 et_pb_row et_block_row\"><div class=\"et_pb_column_9 et_pb_column et_pb_column_4_4 et-last-child et_block_column et_pb_css_mix_blend_mode_passthrough\"><div class=\"et_pb_text_9 et_pb_text et_pb_bg_layout_light et_pb_module et_block_module preset--module--divi-text--c28e4140-1d00-437f-97e2-437c8791c679\"><div class=\"et_pb_text_inner\"><p style=\"text-align: center;\"><span style=\"color: #000000;\"><span style=\"font-weight: 400;\">Han entendido que la moda femenina no se limita a una sola expresi\u00f3n, sino que abarca una variedad de estilos pensada para resaltar una dualidad: por un lado, la delicadeza y sutileza que se refleja en prendas ligeras como faldas, vestidos elegantes, tops vers\u00e1tiles o bodys que realzan la silueta, y, por otro lado, se encuentra la fuerza y el car\u00e1cter, proyectados en piezas como chaquetas con cortes modernos, jeans que aportan seguridad y cuero que transmite rebeld\u00eda.<\/span><span style=\"font-weight: 400;\"> <\/span><\/span><\/p>\n<p style=\"text-align: center;\"><span style=\"color: #000000;\"><span style=\"font-weight: 400;\">Si buscas el equilibrio perfecto entre esta dualidad con colores tendencias como el marr\u00f3n, encu\u00e9ntralo en <b>EBBE <\/b>locales 277-278 y 279, o en<b> Moda Bella<\/b> en el local 125.<\/span><\/span><\/p>\n<\/div><\/div><div class=\"et_pb_text_10 et_pb_text et_pb_bg_layout_light et_pb_module et_block_module et_pb_text_align_center preset--module--divi-text--9a1d4c7d-ac37-4448-8924-0051354f13dc\"><div class=\"et_pb_text_inner\"><h3><span><span style=\"font-weight: 400;\"><b>Moda Masculina<\/b><\/span><\/span><b><\/b><\/h3>\n<\/div><\/div><\/div><\/div><\/div><div class=\"et_pb_section_3 et_pb_section et_section_regular et_block_section\"><div class=\"et_pb_row_7 et_pb_row et_block_row\"><div class=\"et_pb_column_10 et_pb_column et_pb_column_1_2 et_block_column et_pb_css_mix_blend_mode_passthrough\"><div class=\"et_pb_image_3 et_pb_image et_pb_module et_block_module\"><span class=\"et_pb_image_wrap\"><img decoding=\"async\" src=\"https:\/\/sabanaplaza.com.co\/wp-content\/uploads\/2025\/10\/IMG_1130-scaled.jpg\" width=\"1920\" height=\"2560\" srcset=\"https:\/\/sabanaplaza.com.co\/wp-content\/uploads\/2025\/10\/IMG_1130-scaled.jpg 1920w, https:\/\/sabanaplaza.com.co\/wp-content\/uploads\/2025\/10\/IMG_1130-1280x1707.jpg 1280w, https:\/\/sabanaplaza.com.co\/wp-content\/uploads\/2025\/10\/IMG_1130-980x1307.jpg 980w, https:\/\/sabanaplaza.com.co\/wp-content\/uploads\/2025\/10\/IMG_1130-480x640.jpg 480w\" sizes=\"(min-width: 0px) and (max-width: 480px) 480px, (min-width: 481px) and (max-width: 980px) 980px, (min-width: 981px) and (max-width: 1280px) 1280px, (min-width: 1281px) 1920px, 100vw\" class=\"wp-image-2100\" title=\"IMG_1130\" \/><\/span><\/div><\/div><div class=\"et_pb_column_11 et_pb_column et_pb_column_1_2 et-last-child et_block_column et_pb_css_mix_blend_mode_passthrough\"><div class=\"et_pb_text_11 et_pb_text et_pb_bg_layout_light et_pb_module et_block_module preset--module--divi-text--c28e4140-1d00-437f-97e2-437c8791c679\"><div class=\"et_pb_text_inner\"><p style=\"text-align: justify;\"><span style=\"font-weight: 400; color: #000000;\"><span style=\"font-weight: 400;\">Por otro lado, en las tendencias para hombres sabanistas, giran alrededor de su\u00e9teres y camisetas tipo crochet, donde los bordados tambi\u00e9n se vuelven protagonistas.<\/span><\/span><span style=\"font-weight: 400; color: #000000;\"><\/span><\/p>\n<\/div><\/div><div class=\"et_pb_text_12 et_pb_text et_pb_bg_layout_light et_pb_module et_block_module et_pb_text_align_center preset--module--divi-text--9a1d4c7d-ac37-4448-8924-0051354f13dc\"><div class=\"et_pb_text_inner\"><p><span style=\"font-size: large;\"><b>Jerseys bordados, para acompa\u00f1ar el fr\u00edo clima de la \u00faltima temporada del a\u00f1o<\/b><\/span><span style=\"font-size: xx-large;\"><span style=\"font-weight: 400;\"><b><\/b><\/span><\/span><\/p>\n<\/div><\/div><div class=\"et_pb_text_13 et_pb_text et_pb_bg_layout_light et_pb_module et_block_module preset--module--divi-text--c28e4140-1d00-437f-97e2-437c8791c679\"><div class=\"et_pb_text_inner\"><p style=\"text-align: justify;\"><span style=\"font-weight: 400; color: #000000;\">El jersey bordado llega con fuerza en la moda masculina por su tejido grueso y textura evocan la calidez ideal para las noches fr\u00edas de octubre a diciembre. Este tipo de prenda combina la est\u00e9tica cl\u00e1sica con un toque urbano ofreciendo una opci\u00f3n vers\u00e1til que se adapta tanto a un d\u00eda normal informal como a un evento m\u00e1s especial. <\/span><\/p>\n<\/div><\/div><\/div><\/div><div class=\"et_pb_row_8 et_pb_row et_block_row\"><div class=\"et_pb_column_12 et_pb_column et_pb_column_4_4 et-last-child et_block_column et_pb_css_mix_blend_mode_passthrough\"><div class=\"et_pb_text_14 et_pb_text et_pb_bg_layout_light et_pb_module et_block_module preset--module--divi-text--c28e4140-1d00-437f-97e2-437c8791c679\"><div class=\"et_pb_text_inner\"><p style=\"text-align: center;\"><span style=\"font-weight: 400; color: #000000;\"><span style=\"font-weight: 400;\">Con <\/span><b>Divine Shop<\/b><span style=\"font-weight: 400;\">, cada pieza est\u00e1 pensada para resaltar la esencia femenina: fuerte, aut\u00e9ntica y seductora. Este top es un recordatorio de que la moda es poder y que cada mujer lleva dentro su propia versi\u00f3n de lo divino, como dice su marca. Se encuentra en el local 041, por la entrada 9.<\/span><\/span><\/p>\n<\/div><\/div><div class=\"et_pb_text_15 et_pb_text et_pb_bg_layout_light et_pb_module et_block_module et_pb_text_align_center preset--module--divi-text--9a1d4c7d-ac37-4448-8924-0051354f13dc\"><div class=\"et_pb_text_inner\"><h3><span><span style=\"font-weight: 400;\"><b>En Sabana Plaza, la versatilidad en moda para hombres...<\/b><\/span><\/span><\/h3>\n<\/div><\/div><div class=\"et_pb_text_16 et_pb_text et_pb_bg_layout_light et_pb_module et_block_module preset--module--divi-text--c28e4140-1d00-437f-97e2-437c8791c679\"><div class=\"et_pb_text_inner\"><p style=\"text-align: center;\"><span style=\"color: #000000;\"><span style=\"font-weight: 400;\">la encuentras en locales como <\/span><b>Forka<\/b><span style=\"font-weight: 400;\">, que entiende la importancia de lucir bien y con estilo sin perder autenticidad y comodidad, con prendas como su\u00e9teres, chaquetas en cuero, camisas, jeans y mucho m\u00e1s, por el pasillo principal en el local L1-310.<\/span><\/span><\/p>\n<\/div><\/div><\/div><\/div><div class=\"et_pb_row_9 et_pb_row et_block_row\"><div class=\"et_pb_column_13 et_pb_column et_pb_column_1_2 et_block_column et_pb_css_mix_blend_mode_passthrough\"><div class=\"et_pb_image_4 et_pb_image et_pb_module et_block_module\"><span class=\"et_pb_image_wrap\"><img decoding=\"async\" src=\"https:\/\/sabanaplaza.com.co\/wp-content\/uploads\/2025\/10\/IMG_1117_jpg-scaled.jpg\" width=\"1920\" height=\"2560\" srcset=\"https:\/\/sabanaplaza.com.co\/wp-content\/uploads\/2025\/10\/IMG_1117_jpg-scaled.jpg 1920w, https:\/\/sabanaplaza.com.co\/wp-content\/uploads\/2025\/10\/IMG_1117_jpg-1280x1707.jpg 1280w, https:\/\/sabanaplaza.com.co\/wp-content\/uploads\/2025\/10\/IMG_1117_jpg-980x1307.jpg 980w, https:\/\/sabanaplaza.com.co\/wp-content\/uploads\/2025\/10\/IMG_1117_jpg-480x640.jpg 480w\" sizes=\"(min-width: 0px) and (max-width: 480px) 480px, (min-width: 481px) and (max-width: 980px) 980px, (min-width: 981px) and (max-width: 1280px) 1280px, (min-width: 1281px) 1920px, 100vw\" class=\"wp-image-2096\" title=\"IMG_1117_jpg\" \/><\/span><\/div><\/div><div class=\"et_pb_column_14 et_pb_column et_pb_column_1_2 et-last-child et_block_column et_pb_css_mix_blend_mode_passthrough\"><div class=\"et_pb_image_5 et_pb_image et_pb_module et_block_module\"><span class=\"et_pb_image_wrap\"><img decoding=\"async\" src=\"https:\/\/sabanaplaza.com.co\/wp-content\/uploads\/2025\/10\/IMG_1125_jpg-scaled.jpg\" width=\"1920\" height=\"2560\" srcset=\"https:\/\/sabanaplaza.com.co\/wp-content\/uploads\/2025\/10\/IMG_1125_jpg-scaled.jpg 1920w, https:\/\/sabanaplaza.com.co\/wp-content\/uploads\/2025\/10\/IMG_1125_jpg-1280x1707.jpg 1280w, https:\/\/sabanaplaza.com.co\/wp-content\/uploads\/2025\/10\/IMG_1125_jpg-980x1307.jpg 980w, https:\/\/sabanaplaza.com.co\/wp-content\/uploads\/2025\/10\/IMG_1125_jpg-480x640.jpg 480w\" sizes=\"(min-width: 0px) and (max-width: 480px) 480px, (min-width: 481px) and (max-width: 980px) 980px, (min-width: 981px) and (max-width: 1280px) 1280px, (min-width: 1281px) 1920px, 100vw\" class=\"wp-image-2098\" title=\"IMG_1125_jpg\" \/><\/span><\/div><\/div><\/div><div class=\"et_pb_row_10 et_pb_row et_block_row\"><div class=\"et_pb_column_15 et_pb_column et_pb_column_4_4 et-last-child et_block_column et_pb_css_mix_blend_mode_passthrough\"><div class=\"et_pb_text_17 et_pb_text et_pb_bg_layout_light et_pb_module et_block_module et_pb_text_align_center preset--module--divi-text--9a1d4c7d-ac37-4448-8924-0051354f13dc\"><div class=\"et_pb_text_inner\"><h3><span><span style=\"font-weight: 400;\"><b>Tambi\u00e9n empiezan a resaltar las camisetas tipo crochet, una mezcla de frescura y textura<\/b><\/span><\/span><b><\/b><\/h3>\n<\/div><\/div><\/div><\/div><div class=\"et_pb_row_11 et_pb_row et_block_row\"><div class=\"et_pb_column_16 et_pb_column et_pb_column_1_2 et_block_column et_pb_css_mix_blend_mode_passthrough\"><div class=\"et_pb_text_18 et_pb_text et_pb_bg_layout_light et_pb_module et_block_module et_pb_text_align_center preset--module--divi-text--9a1d4c7d-ac37-4448-8924-0051354f13dc\"><\/div><div class=\"et_pb_text_19 et_pb_text et_pb_bg_layout_light et_pb_module et_block_module preset--module--divi-text--c28e4140-1d00-437f-97e2-437c8791c679\"><div class=\"et_pb_text_inner\"><p style=\"text-align: justify;\"><span style=\"font-weight: 400; color: #000000;\">\u00c9stas representan la algo de sofisticaci\u00f3n del hombre colombiano moderno. Su tejido liviano, con dise\u00f1o en relieve, refleja la tendencia hacia lo artesanal y el detalle.\u00a0<\/span><\/p>\n<p style=\"text-align: justify;\"><span style=\"font-weight: 400; color: #000000;\">Aqu\u00ed, entendemos que, no se trata solo de vestir, sino de conectar con la esencia de cada hombre. Estas camisetas son perfectas para todos los climas porque el crochet aporta calidez sin necesidad de llevar una chaqueta pesada, para esos d\u00edas fr\u00edos, pero a la vez si se lleva con pantalonetas, queda perfecto para las vacaciones decembrinas o los recesos escolares. Y lo mejor, es que en el Local L1-175, puedes encontrar todo el combo para un final de a\u00f1o c\u00f3modo, sin dejar de estar a la moda.<\/span><span style=\"color: #000000;\"><span style=\"font-weight: 400;\"><\/span><\/span><\/p>\n<\/div><\/div><\/div><div class=\"et_pb_column_17 et_pb_column et_pb_column_1_2 et-last-child et_block_column et_pb_css_mix_blend_mode_passthrough\"><div class=\"et_pb_image_6 et_pb_image et_pb_module et_block_module\"><span class=\"et_pb_image_wrap\"><img decoding=\"async\" src=\"https:\/\/sabanaplaza.com.co\/wp-content\/uploads\/2025\/10\/IMG_1115_jpg-scaled.jpg\" width=\"1920\" height=\"2560\" srcset=\"https:\/\/sabanaplaza.com.co\/wp-content\/uploads\/2025\/10\/IMG_1115_jpg-scaled.jpg 1920w, https:\/\/sabanaplaza.com.co\/wp-content\/uploads\/2025\/10\/IMG_1115_jpg-1280x1707.jpg 1280w, https:\/\/sabanaplaza.com.co\/wp-content\/uploads\/2025\/10\/IMG_1115_jpg-980x1307.jpg 980w, https:\/\/sabanaplaza.com.co\/wp-content\/uploads\/2025\/10\/IMG_1115_jpg-480x640.jpg 480w\" sizes=\"(min-width: 0px) and (max-width: 480px) 480px, (min-width: 481px) and (max-width: 980px) 980px, (min-width: 981px) and (max-width: 1280px) 1280px, (min-width: 1281px) 1920px, 100vw\" class=\"wp-image-2097\" title=\"IMG_1115_jpg\" \/><\/span><\/div><\/div><\/div><\/div><div class=\"et_pb_section_4 et_pb_section et_section_regular et_block_section\"><div class=\"et_pb_row_12 et_pb_row et_block_row\"><div class=\"et_pb_column_18 et_pb_column et_pb_column_4_4 et-last-child et_block_column et_pb_css_mix_blend_mode_passthrough\"><div class=\"et_pb_text_20 et_pb_text et_pb_bg_layout_light et_pb_module et_block_module et_pb_text_align_center preset--module--divi-text--439f1e6a-8283-4cc5-aeb3-571a00449510\"><div class=\"et_pb_text_inner\"><h3><span style=\"font-weight: 400;\">Los comerciantes sabanistas saben que la moda se vive en cada detalle, en el tejido artesanal de un su\u00e9ter masculino y en la delicadeza o el poder de una prenda femenina. Por eso, en <\/span><b>Sabana Plaza<\/b><span style=\"font-weight: 400;\">, convergen ambas expresiones en un solo lugar. Aqu\u00ed las tendencias masculinas y femeninas resaltan, y siempre, pensando en tu bolsillo.<\/span><span style=\"font-weight: 400;\"><\/span><\/h3>\n<\/div><\/div><div class=\"et_pb_module et_pb_button_module_wrapper et_pb_button_0_wrapper\"><a class=\"et_pb_button_0 et_pb_button et_pb_bg_layout_dark et_animated et_pb_module et_block_module\" href=\"https:\/\/sabanaplaza.com.co\/index.php\/calzado\/\">\u00a1Ven y vive la experiencia sabanista!<\/a><\/div><\/div><\/div><\/div>","protected":false},"excerpt":{"rendered":"","protected":false},"author":1,"featured_media":2107,"comment_status":"open","ping_status":"open","sticky":false,"template":"","format":"standard","meta":{"footnotes":""},"categories":[1],"tags":[],"class_list":["post-2085","post","type-post","status-publish","format-standard","has-post-thumbnail","hentry","category-blog"],"yoast_head":"<!-- This site is optimized with the Yoast SEO Premium plugin v22.8 (Yoast SEO v27.0) - https:\/\/yoast.com\/product\/yoast-seo-premium-wordpress\/ -->\n<title>Tendencias de Moda para cerrar el 2025 - Sabana Plaza<\/title>\n<meta name=\"description\" content=\"Nuestro centro comercial Sabana Plaza, se ha consolidado en la zona marcando tendencias que combinan elegancia, comodidad y el sello de marcas nacionales.\" \/>\n<meta name=\"robots\" content=\"index, follow, max-snippet:-1, max-image-preview:large, max-video-preview:-1\" \/>\n<link rel=\"canonical\" href=\"https:\/\/sabanaplaza.com.co\/index.php\/2025\/10\/06\/tendencias-de-moda-para-cerrar-el-2025\/\" \/>\n<meta property=\"og:locale\" content=\"en_US\" \/>\n<meta property=\"og:type\" content=\"article\" \/>\n<meta property=\"og:title\" content=\"Tendencias de Moda para cerrar el 2025\" \/>\n<meta property=\"og:description\" content=\"Nuestro centro comercial Sabana Plaza, se ha consolidado en la zona marcando tendencias que combinan elegancia, comodidad y el sello de marcas nacionales.\" \/>\n<meta property=\"og:url\" content=\"https:\/\/sabanaplaza.com.co\/index.php\/2025\/10\/06\/tendencias-de-moda-para-cerrar-el-2025\/\" \/>\n<meta property=\"og:site_name\" content=\"Sabana Plaza\" \/>\n<meta property=\"article:published_time\" content=\"2025-10-06T17:41:20+00:00\" \/>\n<meta property=\"article:modified_time\" content=\"2026-02-25T15:18:05+00:00\" \/>\n<meta property=\"og:image\" content=\"https:\/\/sabanaplaza.com.co\/wp-content\/uploads\/2025\/10\/portada-articulo-sabana-tendencias-moda-2025.png\" \/>\n\t<meta property=\"og:image:width\" content=\"1366\" \/>\n\t<meta property=\"og:image:height\" content=\"508\" \/>\n\t<meta property=\"og:image:type\" content=\"image\/png\" \/>\n<meta name=\"author\" content=\"Mercadeo y Comunicaciones\" \/>\n<meta name=\"twitter:card\" content=\"summary_large_image\" \/>\n<meta name=\"twitter:label1\" content=\"Written by\" \/>\n\t<meta name=\"twitter:data1\" content=\"Mercadeo y Comunicaciones\" \/>\n\t<meta name=\"twitter:label2\" content=\"Est. reading time\" \/>\n\t<meta name=\"twitter:data2\" content=\"6 minutes\" \/>\n<script type=\"application\/ld+json\" class=\"yoast-schema-graph\">{\"@context\":\"https:\/\/schema.org\",\"@graph\":[{\"@type\":\"Article\",\"@id\":\"https:\/\/sabanaplaza.com.co\/index.php\/2025\/10\/06\/tendencias-de-moda-para-cerrar-el-2025\/#article\",\"isPartOf\":{\"@id\":\"https:\/\/sabanaplaza.com.co\/index.php\/2025\/10\/06\/tendencias-de-moda-para-cerrar-el-2025\/\"},\"author\":{\"name\":\"Mercadeo y Comunicaciones\",\"@id\":\"https:\/\/sabanaplaza.com.co\/#\/schema\/person\/ea261bf604d2aa7533e9e84b1da69e9b\"},\"headline\":\"Tendencias de Moda para cerrar el 2025\",\"datePublished\":\"2025-10-06T17:41:20+00:00\",\"dateModified\":\"2026-02-25T15:18:05+00:00\",\"mainEntityOfPage\":{\"@id\":\"https:\/\/sabanaplaza.com.co\/index.php\/2025\/10\/06\/tendencias-de-moda-para-cerrar-el-2025\/\"},\"wordCount\":6,\"commentCount\":0,\"image\":{\"@id\":\"https:\/\/sabanaplaza.com.co\/index.php\/2025\/10\/06\/tendencias-de-moda-para-cerrar-el-2025\/#primaryimage\"},\"thumbnailUrl\":\"https:\/\/sabanaplaza.com.co\/wp-content\/uploads\/2025\/10\/portada-articulo-sabana-tendencias-moda-2025.png\",\"articleSection\":[\"Blog\"],\"inLanguage\":\"en-US\",\"potentialAction\":[{\"@type\":\"CommentAction\",\"name\":\"Comment\",\"target\":[\"https:\/\/sabanaplaza.com.co\/index.php\/2025\/10\/06\/tendencias-de-moda-para-cerrar-el-2025\/#respond\"]}]},{\"@type\":\"WebPage\",\"@id\":\"https:\/\/sabanaplaza.com.co\/index.php\/2025\/10\/06\/tendencias-de-moda-para-cerrar-el-2025\/\",\"url\":\"https:\/\/sabanaplaza.com.co\/index.php\/2025\/10\/06\/tendencias-de-moda-para-cerrar-el-2025\/\",\"name\":\"Tendencias de Moda para cerrar el 2025 - Sabana Plaza\",\"isPartOf\":{\"@id\":\"https:\/\/sabanaplaza.com.co\/#website\"},\"primaryImageOfPage\":{\"@id\":\"https:\/\/sabanaplaza.com.co\/index.php\/2025\/10\/06\/tendencias-de-moda-para-cerrar-el-2025\/#primaryimage\"},\"image\":{\"@id\":\"https:\/\/sabanaplaza.com.co\/index.php\/2025\/10\/06\/tendencias-de-moda-para-cerrar-el-2025\/#primaryimage\"},\"thumbnailUrl\":\"https:\/\/sabanaplaza.com.co\/wp-content\/uploads\/2025\/10\/portada-articulo-sabana-tendencias-moda-2025.png\",\"datePublished\":\"2025-10-06T17:41:20+00:00\",\"dateModified\":\"2026-02-25T15:18:05+00:00\",\"author\":{\"@id\":\"https:\/\/sabanaplaza.com.co\/#\/schema\/person\/ea261bf604d2aa7533e9e84b1da69e9b\"},\"description\":\"Nuestro centro comercial Sabana Plaza, se ha consolidado en la zona marcando tendencias que combinan elegancia, comodidad y el sello de marcas nacionales.\",\"breadcrumb\":{\"@id\":\"https:\/\/sabanaplaza.com.co\/index.php\/2025\/10\/06\/tendencias-de-moda-para-cerrar-el-2025\/#breadcrumb\"},\"inLanguage\":\"en-US\",\"potentialAction\":[{\"@type\":\"ReadAction\",\"target\":[\"https:\/\/sabanaplaza.com.co\/index.php\/2025\/10\/06\/tendencias-de-moda-para-cerrar-el-2025\/\"]}]},{\"@type\":\"ImageObject\",\"inLanguage\":\"en-US\",\"@id\":\"https:\/\/sabanaplaza.com.co\/index.php\/2025\/10\/06\/tendencias-de-moda-para-cerrar-el-2025\/#primaryimage\",\"url\":\"https:\/\/sabanaplaza.com.co\/wp-content\/uploads\/2025\/10\/portada-articulo-sabana-tendencias-moda-2025.png\",\"contentUrl\":\"https:\/\/sabanaplaza.com.co\/wp-content\/uploads\/2025\/10\/portada-articulo-sabana-tendencias-moda-2025.png\",\"width\":1366,\"height\":508},{\"@type\":\"BreadcrumbList\",\"@id\":\"https:\/\/sabanaplaza.com.co\/index.php\/2025\/10\/06\/tendencias-de-moda-para-cerrar-el-2025\/#breadcrumb\",\"itemListElement\":[{\"@type\":\"ListItem\",\"position\":1,\"name\":\"Portada\",\"item\":\"https:\/\/sabanaplaza.com.co\/\"},{\"@type\":\"ListItem\",\"position\":2,\"name\":\"Tendencias de Moda para cerrar el 2025\"}]},{\"@type\":\"WebSite\",\"@id\":\"https:\/\/sabanaplaza.com.co\/#website\",\"url\":\"https:\/\/sabanaplaza.com.co\/\",\"name\":\"Sabana Plaza\",\"description\":\"Centro Comercial \",\"potentialAction\":[{\"@type\":\"SearchAction\",\"target\":{\"@type\":\"EntryPoint\",\"urlTemplate\":\"https:\/\/sabanaplaza.com.co\/?s={search_term_string}\"},\"query-input\":{\"@type\":\"PropertyValueSpecification\",\"valueRequired\":true,\"valueName\":\"search_term_string\"}}],\"inLanguage\":\"en-US\"},{\"@type\":\"Person\",\"@id\":\"https:\/\/sabanaplaza.com.co\/#\/schema\/person\/ea261bf604d2aa7533e9e84b1da69e9b\",\"name\":\"Mercadeo y Comunicaciones\",\"image\":{\"@type\":\"ImageObject\",\"inLanguage\":\"en-US\",\"@id\":\"https:\/\/sabanaplaza.com.co\/#\/schema\/person\/image\/\",\"url\":\"https:\/\/secure.gravatar.com\/avatar\/a29e49847a3876ec70fb70dd728d3f2e90eda9c17724e2154147acc75a658926?s=96&d=mm&r=g\",\"contentUrl\":\"https:\/\/secure.gravatar.com\/avatar\/a29e49847a3876ec70fb70dd728d3f2e90eda9c17724e2154147acc75a658926?s=96&d=mm&r=g\",\"caption\":\"Mercadeo y Comunicaciones\"},\"sameAs\":[\"https:\/\/sabanaplaza.com.co\"],\"url\":\"https:\/\/sabanaplaza.com.co\/index.php\/author\/gerencia\/\"}]}<\/script>\n<!-- \/ Yoast SEO Premium plugin. -->","yoast_head_json":{"title":"Tendencias de Moda para cerrar el 2025 - Sabana Plaza","description":"Nuestro centro comercial Sabana Plaza, se ha consolidado en la zona marcando tendencias que combinan elegancia, comodidad y el sello de marcas nacionales.","robots":{"index":"index","follow":"follow","max-snippet":"max-snippet:-1","max-image-preview":"max-image-preview:large","max-video-preview":"max-video-preview:-1"},"canonical":"https:\/\/sabanaplaza.com.co\/index.php\/2025\/10\/06\/tendencias-de-moda-para-cerrar-el-2025\/","og_locale":"en_US","og_type":"article","og_title":"Tendencias de Moda para cerrar el 2025","og_description":"Nuestro centro comercial Sabana Plaza, se ha consolidado en la zona marcando tendencias que combinan elegancia, comodidad y el sello de marcas nacionales.","og_url":"https:\/\/sabanaplaza.com.co\/index.php\/2025\/10\/06\/tendencias-de-moda-para-cerrar-el-2025\/","og_site_name":"Sabana Plaza","article_published_time":"2025-10-06T17:41:20+00:00","article_modified_time":"2026-02-25T15:18:05+00:00","og_image":[{"width":1366,"height":508,"url":"https:\/\/sabanaplaza.com.co\/wp-content\/uploads\/2025\/10\/portada-articulo-sabana-tendencias-moda-2025.png","type":"image\/png"}],"author":"Mercadeo y Comunicaciones","twitter_card":"summary_large_image","twitter_misc":{"Written by":"Mercadeo y Comunicaciones","Est. reading time":"6 minutes"},"schema":{"@context":"https:\/\/schema.org","@graph":[{"@type":"Article","@id":"https:\/\/sabanaplaza.com.co\/index.php\/2025\/10\/06\/tendencias-de-moda-para-cerrar-el-2025\/#article","isPartOf":{"@id":"https:\/\/sabanaplaza.com.co\/index.php\/2025\/10\/06\/tendencias-de-moda-para-cerrar-el-2025\/"},"author":{"name":"Mercadeo y Comunicaciones","@id":"https:\/\/sabanaplaza.com.co\/#\/schema\/person\/ea261bf604d2aa7533e9e84b1da69e9b"},"headline":"Tendencias de Moda para cerrar el 2025","datePublished":"2025-10-06T17:41:20+00:00","dateModified":"2026-02-25T15:18:05+00:00","mainEntityOfPage":{"@id":"https:\/\/sabanaplaza.com.co\/index.php\/2025\/10\/06\/tendencias-de-moda-para-cerrar-el-2025\/"},"wordCount":6,"commentCount":0,"image":{"@id":"https:\/\/sabanaplaza.com.co\/index.php\/2025\/10\/06\/tendencias-de-moda-para-cerrar-el-2025\/#primaryimage"},"thumbnailUrl":"https:\/\/sabanaplaza.com.co\/wp-content\/uploads\/2025\/10\/portada-articulo-sabana-tendencias-moda-2025.png","articleSection":["Blog"],"inLanguage":"en-US","potentialAction":[{"@type":"CommentAction","name":"Comment","target":["https:\/\/sabanaplaza.com.co\/index.php\/2025\/10\/06\/tendencias-de-moda-para-cerrar-el-2025\/#respond"]}]},{"@type":"WebPage","@id":"https:\/\/sabanaplaza.com.co\/index.php\/2025\/10\/06\/tendencias-de-moda-para-cerrar-el-2025\/","url":"https:\/\/sabanaplaza.com.co\/index.php\/2025\/10\/06\/tendencias-de-moda-para-cerrar-el-2025\/","name":"Tendencias de Moda para cerrar el 2025 - Sabana Plaza","isPartOf":{"@id":"https:\/\/sabanaplaza.com.co\/#website"},"primaryImageOfPage":{"@id":"https:\/\/sabanaplaza.com.co\/index.php\/2025\/10\/06\/tendencias-de-moda-para-cerrar-el-2025\/#primaryimage"},"image":{"@id":"https:\/\/sabanaplaza.com.co\/index.php\/2025\/10\/06\/tendencias-de-moda-para-cerrar-el-2025\/#primaryimage"},"thumbnailUrl":"https:\/\/sabanaplaza.com.co\/wp-content\/uploads\/2025\/10\/portada-articulo-sabana-tendencias-moda-2025.png","datePublished":"2025-10-06T17:41:20+00:00","dateModified":"2026-02-25T15:18:05+00:00","author":{"@id":"https:\/\/sabanaplaza.com.co\/#\/schema\/person\/ea261bf604d2aa7533e9e84b1da69e9b"},"description":"Nuestro centro comercial Sabana Plaza, se ha consolidado en la zona marcando tendencias que combinan elegancia, comodidad y el sello de marcas nacionales.","breadcrumb":{"@id":"https:\/\/sabanaplaza.com.co\/index.php\/2025\/10\/06\/tendencias-de-moda-para-cerrar-el-2025\/#breadcrumb"},"inLanguage":"en-US","potentialAction":[{"@type":"ReadAction","target":["https:\/\/sabanaplaza.com.co\/index.php\/2025\/10\/06\/tendencias-de-moda-para-cerrar-el-2025\/"]}]},{"@type":"ImageObject","inLanguage":"en-US","@id":"https:\/\/sabanaplaza.com.co\/index.php\/2025\/10\/06\/tendencias-de-moda-para-cerrar-el-2025\/#primaryimage","url":"https:\/\/sabanaplaza.com.co\/wp-content\/uploads\/2025\/10\/portada-articulo-sabana-tendencias-moda-2025.png","contentUrl":"https:\/\/sabanaplaza.com.co\/wp-content\/uploads\/2025\/10\/portada-articulo-sabana-tendencias-moda-2025.png","width":1366,"height":508},{"@type":"BreadcrumbList","@id":"https:\/\/sabanaplaza.com.co\/index.php\/2025\/10\/06\/tendencias-de-moda-para-cerrar-el-2025\/#breadcrumb","itemListElement":[{"@type":"ListItem","position":1,"name":"Portada","item":"https:\/\/sabanaplaza.com.co\/"},{"@type":"ListItem","position":2,"name":"Tendencias de Moda para cerrar el 2025"}]},{"@type":"WebSite","@id":"https:\/\/sabanaplaza.com.co\/#website","url":"https:\/\/sabanaplaza.com.co\/","name":"Sabana Plaza","description":"Centro Comercial ","potentialAction":[{"@type":"SearchAction","target":{"@type":"EntryPoint","urlTemplate":"https:\/\/sabanaplaza.com.co\/?s={search_term_string}"},"query-input":{"@type":"PropertyValueSpecification","valueRequired":true,"valueName":"search_term_string"}}],"inLanguage":"en-US"},{"@type":"Person","@id":"https:\/\/sabanaplaza.com.co\/#\/schema\/person\/ea261bf604d2aa7533e9e84b1da69e9b","name":"Mercadeo y Comunicaciones","image":{"@type":"ImageObject","inLanguage":"en-US","@id":"https:\/\/sabanaplaza.com.co\/#\/schema\/person\/image\/","url":"https:\/\/secure.gravatar.com\/avatar\/a29e49847a3876ec70fb70dd728d3f2e90eda9c17724e2154147acc75a658926?s=96&d=mm&r=g","contentUrl":"https:\/\/secure.gravatar.com\/avatar\/a29e49847a3876ec70fb70dd728d3f2e90eda9c17724e2154147acc75a658926?s=96&d=mm&r=g","caption":"Mercadeo y Comunicaciones"},"sameAs":["https:\/\/sabanaplaza.com.co"],"url":"https:\/\/sabanaplaza.com.co\/index.php\/author\/gerencia\/"}]}},"_links":{"self":[{"href":"https:\/\/sabanaplaza.com.co\/index.php\/wp-json\/wp\/v2\/posts\/2085","targetHints":{"allow":["GET"]}}],"collection":[{"href":"https:\/\/sabanaplaza.com.co\/index.php\/wp-json\/wp\/v2\/posts"}],"about":[{"href":"https:\/\/sabanaplaza.com.co\/index.php\/wp-json\/wp\/v2\/types\/post"}],"author":[{"embeddable":true,"href":"https:\/\/sabanaplaza.com.co\/index.php\/wp-json\/wp\/v2\/users\/1"}],"replies":[{"embeddable":true,"href":"https:\/\/sabanaplaza.com.co\/index.php\/wp-json\/wp\/v2\/comments?post=2085"}],"version-history":[{"count":9,"href":"https:\/\/sabanaplaza.com.co\/index.php\/wp-json\/wp\/v2\/posts\/2085\/revisions"}],"predecessor-version":[{"id":2251,"href":"https:\/\/sabanaplaza.com.co\/index.php\/wp-json\/wp\/v2\/posts\/2085\/revisions\/2251"}],"wp:featuredmedia":[{"embeddable":true,"href":"https:\/\/sabanaplaza.com.co\/index.php\/wp-json\/wp\/v2\/media\/2107"}],"wp:attachment":[{"href":"https:\/\/sabanaplaza.com.co\/index.php\/wp-json\/wp\/v2\/media?parent=2085"}],"wp:term":[{"taxonomy":"category","embeddable":true,"href":"https:\/\/sabanaplaza.com.co\/index.php\/wp-json\/wp\/v2\/categories?post=2085"},{"taxonomy":"post_tag","embeddable":true,"href":"https:\/\/sabanaplaza.com.co\/index.php\/wp-json\/wp\/v2\/tags?post=2085"}],"curies":[{"name":"wp","href":"https:\/\/api.w.org\/{rel}","templated":true}]}}